{"id":32804,"date":"2019-05-07T05:05:46","date_gmt":"2019-05-07T09:05:46","guid":{"rendered":"https:\/\/linitiative.ca\/International\/said-bouteflika-et-les-generaux-mediene-et-tartag-risquent-la-peine-de-mort\/"},"modified":"2019-05-07T05:05:46","modified_gmt":"2019-05-07T09:05:46","slug":"said-bouteflika-et-les-generaux-mediene-et-tartag-risquent-la-peine-de-mort","status":"publish","type":"post","link":"https:\/\/linitiative.ca\/International\/said-bouteflika-et-les-generaux-mediene-et-tartag-risquent-la-peine-de-mort\/","title":{"rendered":"Sa\u00efd Bouteflika et les g\u00e9n\u00e9raux Medi\u00e8ne et Tartag risquent la peine de mort"},"content":{"rendered":"<h4 class=\"title-14\">Apr\u00e8s leur incarc\u00e9ration pour \u00abcomplot contre l\u2019Etat et l\u2019arm\u00e9e\u00bb<\/h4>\n<div class=\"featured_image\"><img width=\"2440\" height=\"1350\" data-cfsrc=\"https:\/\/www.elwatan.com\/wp-content\/uploads\/2019\/05\/montage-e1557012374949.jpg\" class=\"attachment-post-thumbnail size-post-thumbnail wp-post-image c1\" alt=\"\" srcset=\"https:\/\/www.elwatan.com\/wp-content\/uploads\/2019\/05\/montage-e1557012374949.jpg 2440w, https:\/\/www.elwatan.com\/wp-content\/uploads\/2019\/05\/montage-e1557012374949-300x166.jpg 300w, https:\/\/www.elwatan.com\/wp-content\/uploads\/2019\/05\/montage-e1557012374949-768x425.jpg 768w, https:\/\/www.elwatan.com\/wp-content\/uploads\/2019\/05\/montage-e1557012374949-1024x567.jpg 1024w, https:\/\/www.elwatan.com\/wp-content\/uploads\/2019\/05\/montage-e1557012374949-1320x730.jpg 1320w\" sizes=\"(max-width: 2440px) 100vw, 2440px\"\/><noscript><\/p>\n<p><img loading=\"lazy\" decoding=\"async\" width=\"2440\" height=\"1350\" src=\"https:\/\/www.elwatan.com\/wp-content\/uploads\/2019\/05\/montage-e1557012374949.jpg\" class=\"attachment-post-thumbnail size-post-thumbnail wp-post-image\" alt=\"\" srcset=\"https:\/\/www.elwatan.com\/wp-content\/uploads\/2019\/05\/montage-e1557012374949.jpg 2440w, https:\/\/www.elwatan.com\/wp-content\/uploads\/2019\/05\/montage-e1557012374949-300x166.jpg 300w, https:\/\/www.elwatan.com\/wp-content\/uploads\/2019\/05\/montage-e1557012374949-768x425.jpg 768w, https:\/\/www.elwatan.com\/wp-content\/uploads\/2019\/05\/montage-e1557012374949-1024x567.jpg 1024w, https:\/\/www.elwatan.com\/wp-content\/uploads\/2019\/05\/montage-e1557012374949-1320x730.jpg 1320w\" sizes=\"auto, (max-width: 2440px) 100vw, 2440px\"\/><\/p>\n<p><\/noscript> <span class=\"featured-image-caption\">Said Bouteflika , Mohamed Medi\u00e8ne, dit Toufik, et Bachir Tartag,<\/span><\/div>\n<p>Accus\u00e9s de \u00abcomplot contre l\u2019autorit\u00e9 de l\u2019Etat et de l\u2019arm\u00e9e\u00bb, Sa\u00efd Bouteflika, fr\u00e8re et conseiller du Pr\u00e9sident d\u00e9chu, le g\u00e9n\u00e9ral \u00e0 la retraite Mohamed Medi\u00e8ne, dit Toufik, ancien patron du DRS, et le g\u00e9n\u00e9ral \u00e0 la retraite Bachir Tartag, ex-coordinateur des services secrets et conseiller \u00e0 la s\u00e9curit\u00e9 de Bouteflika, sont d\u00e9sormais en prison.<\/p>\n<p>En entrant avec leur d\u00e9marche nonchalante, ils ne savaient certainement pas que leur arriv\u00e9e au tribunal militaire de Blida \u00e9tait film\u00e9e et l\u2019enregistrement refil\u00e9 \u00e0 la cha\u00eene de T\u00e9l\u00e9vision publique, qui l\u2019a diffus\u00e9 en exclusivit\u00e9. Bien plus.<\/p>\n<p>Ils ne mesuraient probablement pas la gravit\u00e9 des faits qui leur sont reproch\u00e9s et qui peuvent les conduire, dans le meilleur des cas, \u00e0 une peine de r\u00e9clusion criminelle allant de 5 \u00e0 10 ans, et au pire \u00e0 la peine de mort.<\/p>\n<p>C\u2019est ce que pr\u00e9voit l\u2019article 284 sur la base duquel le juge d\u2019instruction pr\u00e8s le tribunal militaire de Blida, les a inculp\u00e9s et plac\u00e9s sous mandat de d\u00e9p\u00f4t.<\/p>\n<p>Cet article stipule\u00a0: \u00abTout individu coupable de complot ayant pour but de porter atteinte \u00e0 l\u2019autorit\u00e9 du commandant d\u2019une formation militaire, d\u2019un b\u00e2timent ou d\u2019un a\u00e9ronef militaire, ou \u00e0 la discipline ou \u00e0 la s\u00e9curit\u00e9 de la formation, du b\u00e2timent ou de l\u2019a\u00e9ronef, est puni de la r\u00e9clusion criminelle de 5 \u00e0 10 ans.\u00bb<\/p>\n<p>Il y a complot d\u00e8s que la r\u00e9solution d\u2019agir est concert\u00e9e et arr\u00eat\u00e9e entre deux ou plusieurs individus. La m\u00eame disposition pr\u00e9voit la peine maximale, donc dix ann\u00e9es de r\u00e9clusion criminelle, contre les \u00abmilitaires les plus \u00e9lev\u00e9s en grade et contre les instigateurs dudit complot\u00bb, mais \u00e9galement \u00abla peine de mort\u00bb dans le cas o\u00f9 ledit complot \u00aba pour but de peser sur la d\u00e9cision du chef militaire responsable\u00bb.<\/p>\n<p>En plus de cette lourde accusation, les trois pr\u00e9venus doivent r\u00e9pondre de deux autres chefs d\u2019inculpation, tout aussi graves, contenus dans les articles 77 et 78 du code p\u00e9nal.<\/p>\n<p>L\u2019article 77 punit \u00abl\u2019attentat, dont le but a \u00e9t\u00e9 de d\u00e9truire ou de changer le r\u00e9gime, soit d\u2019inciter les citoyens ou habitants \u00e0 s\u2019armer contre l\u2019autorit\u00e9 de l\u2019Etat ou s\u2019armer les uns contre les autres, soit \u00e0 porter atteinte \u00e0 l\u2019int\u00e9grit\u00e9 du territoire national\u00bb de la peine de mort, alors que l\u2019article 78 pr\u00e9cise celui qui le pr\u00e9c\u00e8de et stipule\u00a0: \u00abLe complot ayant pour but les crimes mentionn\u00e9s \u00e0 l\u2019article 77, s\u2019il a \u00e9t\u00e9 suivi d\u2019un acte commis ou commenc\u00e9 pour en pr\u00e9parer l\u2019ex\u00e9cution\u00bb d\u2019une peine de 10 \u00e0 20 ann\u00e9es de r\u00e9clusion criminelle.<\/p>\n<p>Cependant, note la m\u00eame disposition, \u00absi le complot n\u2019a pas \u00e9t\u00e9 suivi d\u2019un acte commis ou commenc\u00e9 pour en pr\u00e9parer l\u2019ex\u00e9cution, la peine est celle de la r\u00e9clusion \u00e0 temps de 5 \u00e0 10 ans.<\/p>\n<p>Il y a complot d\u00e8s que la r\u00e9solution d\u2019agir est concert\u00e9e et arr\u00eat\u00e9e entre deux ou plusieurs personnes. S\u2019il y a eu proposition faite et non agr\u00e9\u00e9e de former un complot pour arriver aux crimes mentionn\u00e9s \u00e0 l\u2019article 77, celui qui a fait une telle proposition est puni d\u2019un emprisonnement d\u2019une dur\u00e9e de 1 \u00e0 10 ans et d\u2019une amende 3000 DA \u00e0 70\u00a0000 DA\u00bb.<\/p>\n<p>En actionnant le tribunal militaire de Blida contre le tout puissant fr\u00e8re-conseiller du Pr\u00e9sident d\u00e9chu, Sa\u00efd Bouteflika, l\u2019ancien patron de l\u2019ex-DRS, Mohamed Medi\u00e8ne, et l\u2019ex-coordinateur des services secrets et conseiller \u00e0 la s\u00e9curit\u00e9 du pr\u00e9sident d\u00e9chu, Bachir Tartag, le vice-ministre de la D\u00e9fense et chef d\u2019\u00e9tat-major de l\u2019Anp, Ahmed Ga\u00efd Salah, semble vouloir appliquer la plus lourde sanction \u00e0 ceux qu\u2019il a d\u00e9sign\u00e9s comme \u00e9tant \u00abla t\u00eate d\u2019un\u00a0gang\u00bb qui avait, selon lui, pris en otage le pays.<\/p>\n<p>Mais qu\u2019en est-il au juste\u00a0? Si l\u2019on se base sur les chefs d\u2019inculpation retenus par le tribunal militaire de Blida, et les d\u00e9clarations de l\u2019ancien ministre de la D\u00e9fense, Khaled Nezzar, on comprend que le complot dont il est question a deux principaux volets.<\/p>\n<p>Le premier est li\u00e9 \u00e0 la logique jusqu\u2019au-boutiste de Sa\u00efd Bouteflika, malgr\u00e9 la col\u00e8re de la rue, en voulant aller jusqu\u2019\u00e0 la fin de mandat, quitte \u00e0 cr\u00e9er un climat de confrontation entre les manifestants et les forces de l\u2019ordre, en d\u00e9cr\u00e9tant l\u2019\u00e9tat d\u2019urgence ou l\u2019\u00e9tat de si\u00e8ge. Le second volet semble le plus important.<\/p>\n<p>Au moment o\u00f9 Ga\u00efd Salah appelait \u00e0 l\u2019application de l\u2019article 102 de la Constitution, Sa\u00efd Bouteflika s\u2019attelait \u00e0 lui pr\u00e9parer sa mise \u00e0 la retraite. Une copie de cette d\u00e9cision avait m\u00eame circul\u00e9 dans les r\u00e9dactions et devait \u00eatre diffus\u00e9e lors du JT de 20h de la cha\u00eene publique.<\/p>\n<p>Pour le vice-ministre, ces agissements rel\u00e8vent du \u00abcomplot\u00bb et la sanction doit \u00eatre la plus lourde. Il a donc actionn\u00e9 le tribunal militaire pour \u00eatre inculp\u00e9s et plac\u00e9s sous mandat de d\u00e9p\u00f4t.<\/p>\n<p>Si pour Bachir Tartag et Sa\u00efd Bouteflika, le choix des assesseurs devant faire partie du tribunal qui les jugera ne posera pas de probl\u00e8me, il n\u2019en est pas de m\u00eame pour Mohamed Medi\u00e8ne. En effet, le code de justice militaire exige que le grade des assesseurs soit sup\u00e9rieur ou \u00e9gal \u00e0 celui de l\u2019accus\u00e9.<\/p>\n<p>Or, Medi\u00e8ne est un g\u00e9n\u00e9ral de corps d\u2019arm\u00e9e, et seuls Ahmed Ga\u00efd Salah et Benali Benali, le chef de la Garde r\u00e9publicaine, portent ce grade, le plus haut de l\u2019institution militaire.<\/p>\n<p>L\u2019autre intrigue non encore \u00e9lucid\u00e9e est le choix d\u2019un tribunal militaire pour juger un civil et deux retrait\u00e9s de l\u2019arm\u00e9e, dont les faits reproch\u00e9s ont \u00e9t\u00e9 commis alors qu\u2019ils \u00e9taient radi\u00e9s de l\u2019effectif de l\u2019arm\u00e9e depuis d\u00e9j\u00e0 des ann\u00e9es. Autant d\u2019interrogations qui n\u2019ont pas encore de r\u00e9ponse\u2026<\/p>\n<div class=\"yuzo_related_post style-1\" data-version=\"5.12.88\">\n<p><h3>Related Post<\/h3>\n<\/p>\n<div class=\"yuzo_wraps\">\n<div class=\"relatedthumb relatedpost-559621 c11\"><a href=\"https:\/\/www.elwatan.com\/regions\/kabylie\/tizi-ouzou\/tzi-en-bref-21-02-2019\"\/><\/p>\n<p><span class=\"yuzo__text--title c10\">Tzi en bref\u2026<\/span><\/div>\n<div class=\"relatedthumb relatedpost-553056 c11\"><a href=\"https:\/\/www.elwatan.com\/regions\/ouest\/tiaret\/greve-a-lhopital-de-tiaret-ladministration-portera-plainte-pour-non-assistance-a-malades-en-danger-14-01-2019\"\/><\/p>\n<p><span class=\"yuzo__text--title c10\">Gr\u00e8ve \u00e0 l\u2019h\u00f4pital de Tiaret :\u00a0L\u2019administration por&#8230;<\/span><\/div>\n<div class=\"relatedthumb relatedpost-500884 c11\"><a href=\"https:\/\/www.elwatan.com\/regions\/sud\/actu-sud\/djanet-laeroclub-ijader-affiche-ses-ambitions-2-07-01-2016\"\/><\/p>\n<p><span class=\"yuzo__text--title c10\">Djanet : L\u2019a\u00e9roclub Ijader affiche ses ambitions&#8230;<\/span><\/div>\n<div class=\"relatedthumb relatedpost-231899 c11\"><a href=\"https:\/\/www.elwatan.com\/pages-hebdo\/sup-eco\/la-chronique-financiere-la-chine-sest-eveillee-et-la-terre-na-pas-encore-tremble-21-05-2007\"\/><\/p>\n<p><span class=\"yuzo__text--title c10\">La chronique financi\u00e8re : La Chine s\u2019est \u00e9veill\u00e9e &#8230;<\/span><\/div>\n<\/div>\n<\/div>\n<p><span class=\"post-views-label\">Post Views:<\/span> <span class=\"post-views-count\">9\u00a0656<\/span><\/p>\n<p>Auteur: Hicham Chouadria<br \/>\n<a href=\"https:\/\/www.elwatan.com\/edition\/actualite\/said-bouteflika-et-les-generaux-mediene-et-tartag-risquent-la-peine-de-mort-07-05-2019\">Cliquez ici pour lire l&rsquo;article depuis sa source.<\/a><\/p>\n","protected":false},"excerpt":{"rendered":"<p>Apr\u00e8s leur incarc\u00e9ration pour \u00abcomplot contre l\u2019Etat et l\u2019arm\u00e9e\u00bb Said Bouteflika , Mohamed Medi\u00e8ne, dit Toufik, et Bachir Tartag, Accus\u00e9s de \u00abcomplot contre l\u2019autorit\u00e9 de l\u2019Etat et de l\u2019arm\u00e9e\u00bb, Sa\u00efd Bouteflika, fr\u00e8re et conseiller du Pr\u00e9sident d\u00e9chu, le g\u00e9n\u00e9ral \u00e0 la retraite Mohamed Medi\u00e8ne, dit Toufik, ancien patron du DRS, et le g\u00e9n\u00e9ral \u00e0 la [&hellip;]<\/p>\n","protected":false},"author":1743,"featured_media":32805,"comment_status":"closed","ping_status":"closed","sticky":false,"template":"","format":"standard","meta":{"fifu_image_url":"","fifu_image_alt":"","footnotes":""},"categories":[73,53],"tags":[],"class_list":["post-32804","post","type-post","status-publish","format-standard","has-post-thumbnail","hentry","category-actualite","category-algerie"],"_links":{"self":[{"href":"https:\/\/linitiative.ca\/International\/wp-json\/wp\/v2\/posts\/32804","targetHints":{"allow":["GET"]}}],"collection":[{"href":"https:\/\/linitiative.ca\/International\/wp-json\/wp\/v2\/posts"}],"about":[{"href":"https:\/\/linitiative.ca\/International\/wp-json\/wp\/v2\/types\/post"}],"author":[{"embeddable":true,"href":"https:\/\/linitiative.ca\/International\/wp-json\/wp\/v2\/users\/1743"}],"replies":[{"embeddable":true,"href":"https:\/\/linitiative.ca\/International\/wp-json\/wp\/v2\/comments?post=32804"}],"version-history":[{"count":0,"href":"https:\/\/linitiative.ca\/International\/wp-json\/wp\/v2\/posts\/32804\/revisions"}],"wp:featuredmedia":[{"embeddable":true,"href":"https:\/\/linitiative.ca\/International\/wp-json\/"}],"wp:attachment":[{"href":"https:\/\/linitiative.ca\/International\/wp-json\/wp\/v2\/media?parent=32804"}],"wp:term":[{"taxonomy":"category","embeddable":true,"href":"https:\/\/linitiative.ca\/International\/wp-json\/wp\/v2\/categories?post=32804"},{"taxonomy":"post_tag","embeddable":true,"href":"https:\/\/linitiative.ca\/International\/wp-json\/wp\/v2\/tags?post=32804"}],"curies":[{"name":"wp","href":"https:\/\/api.w.org\/{rel}","templated":true}]}}