{"id":32820,"date":"2019-05-07T06:38:00","date_gmt":"2019-05-07T10:38:00","guid":{"rendered":"https:\/\/linitiative.ca\/International\/doigts-de-fee-quand-la-brodeuse-nabeulienne-file-de-lor\/"},"modified":"2019-05-07T06:38:00","modified_gmt":"2019-05-07T10:38:00","slug":"doigts-de-fee-quand-la-brodeuse-nabeulienne-file-de-lor","status":"publish","type":"post","link":"https:\/\/linitiative.ca\/International\/doigts-de-fee-quand-la-brodeuse-nabeulienne-file-de-lor\/","title":{"rendered":"Doigts de f\u00e9e: Quand la brodeuse nabeulienne file de l&rsquo;or"},"content":{"rendered":"<p>Le raffinement dans toute sa beaut\u00e9 ! L\u2019art et l\u2019artisanat se marient harmonieusement dans cette broderie qui ira draper de majest\u00e9 un corps de princesse. A l\u2019approche de la saison des mariages, le temps se fait pressant, mais le talent a besoin de s\u00e9r\u00e9nit\u00e9. De ses doigts de f\u00e9e, cette jeune fille \u00e9prouve du pur bonheur. En choisissant ce m\u00e9tier ancestral, aujourd\u2019hui d\u2019avenir, la brodeuse de Nabeul file de l\u2019or, cultive sa passion et s\u2019accomplit.<\/p>\n<p class=\"c2\"><strong><a href=\"https:\/\/www.leaders.com.tn\/le_mensuel_abonnez_vous\" target=\"_blank\" rel=\"noopener noreferrer\"><img loading=\"lazy\" decoding=\"async\" src=\"\/uploads\/FCK_files\/Bandeau-Leaders-1-copie(19).jpg\" alt=\"\" width=\"500\" vspace=\"5\" hspace=\"5\" height=\"128\" align=\"middle\"\/><\/a><\/strong><\/p>\n<p>\u00a0<\/p>\n<p>Auteur:<br \/>\n<a href=\"https:\/\/www.leaders.com.tn\/article\/27061-doigts-de-fee-quand-la-brodeuse-nabeulienne-file-de-l-or\">Cliquez ici pour lire l&rsquo;article depuis sa source.<\/a><\/p>\n","protected":false},"excerpt":{"rendered":"<p>Le raffinement dans toute sa beaut\u00e9 ! L\u2019art et l\u2019artisanat se marient harmonieusement dans cette broderie qui ira draper de majest\u00e9 un corps de princesse. A l\u2019approche de la saison des mariages, le temps se fait pressant, mais le talent a besoin de s\u00e9r\u00e9nit\u00e9. De ses doigts de f\u00e9e, cette jeune fille \u00e9prouve du pur [&hellip;]<\/p>\n","protected":false},"author":1772,"featured_media":32821,"comment_status":"closed","ping_status":"closed","sticky":false,"template":"","format":"standard","meta":{"fifu_image_url":"","fifu_image_alt":"","footnotes":""},"categories":[73,55],"tags":[],"class_list":["post-32820","post","type-post","status-publish","format-standard","has-post-thumbnail","hentry","category-actualite","category-tunisie"],"_links":{"self":[{"href":"https:\/\/linitiative.ca\/International\/wp-json\/wp\/v2\/posts\/32820","targetHints":{"allow":["GET"]}}],"collection":[{"href":"https:\/\/linitiative.ca\/International\/wp-json\/wp\/v2\/posts"}],"about":[{"href":"https:\/\/linitiative.ca\/International\/wp-json\/wp\/v2\/types\/post"}],"author":[{"embeddable":true,"href":"https:\/\/linitiative.ca\/International\/wp-json\/wp\/v2\/users\/1772"}],"replies":[{"embeddable":true,"href":"https:\/\/linitiative.ca\/International\/wp-json\/wp\/v2\/comments?post=32820"}],"version-history":[{"count":0,"href":"https:\/\/linitiative.ca\/International\/wp-json\/wp\/v2\/posts\/32820\/revisions"}],"wp:featuredmedia":[{"embeddable":true,"href":"https:\/\/linitiative.ca\/International\/wp-json\/"}],"wp:attachment":[{"href":"https:\/\/linitiative.ca\/International\/wp-json\/wp\/v2\/media?parent=32820"}],"wp:term":[{"taxonomy":"category","embeddable":true,"href":"https:\/\/linitiative.ca\/International\/wp-json\/wp\/v2\/categories?post=32820"},{"taxonomy":"post_tag","embeddable":true,"href":"https:\/\/linitiative.ca\/International\/wp-json\/wp\/v2\/tags?post=32820"}],"curies":[{"name":"wp","href":"https:\/\/api.w.org\/{rel}","templated":true}]}}