{"id":32823,"date":"2019-05-07T09:51:00","date_gmt":"2019-05-07T13:51:00","guid":{"rendered":"https:\/\/linitiative.ca\/International\/la-tunisie-veut-accelerer-la-conclusion-dun-accord-de-libre-echange-avec-le-marche-commun-damerique-latine-mercosur\/"},"modified":"2019-05-07T09:51:00","modified_gmt":"2019-05-07T13:51:00","slug":"la-tunisie-veut-accelerer-la-conclusion-dun-accord-de-libre-echange-avec-le-marche-commun-damerique-latine-mercosur","status":"publish","type":"post","link":"https:\/\/linitiative.ca\/International\/la-tunisie-veut-accelerer-la-conclusion-dun-accord-de-libre-echange-avec-le-marche-commun-damerique-latine-mercosur\/","title":{"rendered":"La Tunisie veut acc\u00e9l\u00e9rer la conclusion d&rsquo;un accord de libre-\u00e9change avec le march\u00e9 commun d&rsquo;Am\u00e9rique latine (Mercosur)"},"content":{"rendered":"<p>Le ministre des Affaires \u00e9trang\u00e8res, Kh\u00e9ma\u00efes Jhinaoui effectue depuis lundi 6 avril une visite officielle de deux jours en Argentine en r\u00e9ponse \u00e0 celle effectu\u00e9e par son homologue argentin, Jorge\u00a0 Fory dans notre pays le 2 avril dernier. Au cours de cette visite, la premi\u00e8re d&rsquo;un ministre des affaires \u00e9trang\u00e8res tunisien dans ce pays depuis 25 ans, Kh\u00e9ma\u00efs Jhinaoui a conclu deux accords de coop\u00e9ration avec son homologue, le premier visant \u00e0 renforcer l\u2019\u00e9galit\u00e9 hommes\/femmes et le second, la coop\u00e9ration bilat\u00e9rale ; ainsi que deux m\u00e9morandum d\u2019entente, le premier concernant le domaine social et le second, la coop\u00e9ration entre le Cepex et son pendant argentin.<\/p>\n<p class=\"c2\"><img loading=\"lazy\" decoding=\"async\" src=\"\/uploads\/FCK_files\/59661909_2257640130949363_8670639359659081728_o.jpg\" class=\"responsive_img\" alt=\"\" width=\"700\" vspace=\"5\" hspace=\"5\" height=\"525\" align=\"middle\"\/><\/p>\n<p>Le ministre a appel\u00e9 l&rsquo;Argentine \u00e0 appuyer les efforts d\u00e9ploy\u00e9s par notre pays en vue d&rsquo;\u00e9largir le champ de ses partenaires \u00e9conomiques notamment avec les membres de Mercosur dont l&rsquo;Argentine assure actuellement la pr\u00e9sidence en vue de conclure un accord de libre-\u00e9change avec cet ensemble \u00e9conomique de l&rsquo;Am\u00e9rique du sud.\u00a0 \u00a0<\/p>\n<h2>Le ministre Jhinaoui \u00e0 la Nacion : identifier de nouveaux projets de coop\u00e9ration<\/h2>\n<p class=\"c2\"><img loading=\"lazy\" decoding=\"async\" src=\"\/uploads\/FCK_files\/Jhinaoui-la-nacion.jpg\" alt=\"\" width=\"700\" vspace=\"5\" hspace=\"5\" height=\"427\" align=\"middle\"\/><\/p>\n<p>\u00ab Ma visite en Argentine vise \u00e0 approfondir les relations bilat\u00e9rales, de coop\u00e9rer dans la recherche scientifique et l&rsquo;agriculture, et de consolider une association tr\u00e8s active dans le domaine de l&rsquo;industrie pharmaceutique. Mais aussi, d\u2019\u00e9tendre notre march\u00e9 des phosphates et des engrais en Argentine. Nous souhaitons identifier un certain nombre de projets b\u00e9n\u00e9ficiant aux entreprises des deux pays. \u00bb C\u2019est ce qu\u2019a d\u00e9clar\u00e9 le ministre des Affaires \u00e9trang\u00e8res Khemaies Jhinaoui, au quotidien argentin, <a href=\"https:\/\/www.lanacion.com.ar\/el-mundo\/tunez-argentina-se-acercan-mas-firma-acuerdos-nid2244969\">La Nacion<\/a>, le plus grand d\u2019Am\u00e9rique latine. Sous le titre de \u00ab La Tunisie et l&rsquo;Argentine se rapprochent avec la signature d&rsquo;accords de coop\u00e9ration \u00bb notre confr\u00e8re de Buenos Aires \u00e9crit en introduction :\u00a0<\/p>\n<p>\u00ab Apr\u00e8s avoir d\u00e9clench\u00e9 une s\u00e9rie de soul\u00e8vements connus sous le nom de \u00ab\u00a0printemps arabe\u00a0\u00bb, la Tunisie \u00e9tait immunis\u00e9e contre l&rsquo;instabilit\u00e9 politique qui entra\u00eenait des dictateurs dans d&rsquo;autres \u00c9tats arabes, comme en \u00c9gypte, ou en les plongeant dans le chaos et la guerre civile, comme en Libye et en Syrie.<\/p>\n<p>Le s\u00e9isme politique qui a d\u00e9but\u00e9 avec l&rsquo;immolation d&rsquo;un vendeur de rue en d\u00e9cembre 2010 et s&rsquo;est achev\u00e9 avec le d\u00e9part du pr\u00e9sident Ben Ali a cependant ralenti plusieurs semaines plus tard l&rsquo;\u00e9conomie du pays, qui \u00e0 pr\u00e9sent commence \u00e0 \u00e9mettre des signes de reprise.<\/p>\n<p>Dans le but de consolider cette expansion et de renforcer les relations internationales, le ministre tunisien des Affaires \u00e9trang\u00e8res, Khemaies Jhinaoui, est arriv\u00e9 en Argentine pour signer une s\u00e9rie d&rsquo;accords avec le gouvernement de Mauricio Macri, dont un dans le domaine social et un autre dans le domaine de la coop\u00e9ration technique, une autre sur la condition de la femme et la dernier entre deux agences pour promouvoir et renforcer les exportations. \u00bb Extraits de l\u2019interview :<\/p>\n<p><span class=\"c3\"><strong>Comment se porte la Tunisie aujourd&rsquo;hui apr\u00e8s avoir \u00e9t\u00e9 l&rsquo;avant-garde du \u00ab\u00a0Printemps arabe\u00a0\u00bb ?<\/strong><\/span><\/p>\n<p>Pour \u00eatre honn\u00eate avec vous, nous n&rsquo;aimons pas beaucoup le nom de Printemps arabe. La Tunisie a \u00e9t\u00e9 le d\u00e9clencheur d\u2019un mouvement profond. Nous avions les ingr\u00e9dients sociaux d\u2019un changement majeur. Depuis plus de 60 ans, l&rsquo;\u00e9ducation est obligatoire pour tous les enfants. Depuis plus 60 ans aussi, la Tunisie accorde \u00e0 la femme des droits \u00e9gaux comme aucune autre soci\u00e9t\u00e9 arabe et nous avons d\u00e9velopp\u00e9 une grande classe moyenne. Cette revendication n\u2019\u00e9tait malheureusement pas un mod\u00e8le \u00e0 exporter. C&rsquo;est pourquoi je pense que le changement dans mon pays a \u00e9t\u00e9 beaucoup plus en douceur que dans d&rsquo;autres.<\/p>\n<p><strong><span class=\"c3\">Comment va l&rsquo;\u00e9conomie tunisienne ?<\/span><\/strong><\/p>\n<p>En 2011, quand les jeunes se sont lev\u00e9s, ils ont demand\u00e9 libert\u00e9 et dignit\u00e9. Aujourd&rsquo;hui, il existe une large base de libert\u00e9, ils peuvent s&rsquo;exprimer et il n&rsquo;y a pas de restrictions. Malheureusement, le d\u00e9veloppement \u00e9conomique n\u2019a pas encore atteint le niveau requis pour r\u00e9pondre aux besoins de ces jeunes et leur donner une vie meilleure. C&rsquo;est l&rsquo;une des dettes de cette transition. Et le gouvernement est conscient de ce d\u00e9fi, cr\u00e9e plus d&#8217;emplois, rend la Tunisie plus propice aux investissements, fait du pays et de sa position strat\u00e9gique un lien commercial avec l&rsquo;Europe et d&rsquo;autres \u00c9tats africains.<\/p>\n<p>Auteur:<br \/>\n<a href=\"https:\/\/www.leaders.com.tn\/article\/27065-la-tunisie-veut-conclure-un-accord-delibre-echange-avec-l-ensemble-economique-d-amerique-latine-mercosur\">Cliquez ici pour lire l&rsquo;article depuis sa source.<\/a><\/p>\n","protected":false},"excerpt":{"rendered":"<p>Le ministre des Affaires \u00e9trang\u00e8res, Kh\u00e9ma\u00efes Jhinaoui effectue depuis lundi 6 avril une visite officielle de deux jours en Argentine en r\u00e9ponse \u00e0 celle effectu\u00e9e par son homologue argentin, Jorge\u00a0 Fory dans notre pays le 2 avril dernier. Au cours de cette visite, la premi\u00e8re d&rsquo;un ministre des affaires \u00e9trang\u00e8res tunisien dans ce pays depuis [&hellip;]<\/p>\n","protected":false},"author":1772,"featured_media":32824,"comment_status":"closed","ping_status":"closed","sticky":false,"template":"","format":"standard","meta":{"fifu_image_url":"","fifu_image_alt":"","footnotes":""},"categories":[73,55],"tags":[],"class_list":["post-32823","post","type-post","status-publish","format-standard","has-post-thumbnail","hentry","category-actualite","category-tunisie"],"_links":{"self":[{"href":"https:\/\/linitiative.ca\/International\/wp-json\/wp\/v2\/posts\/32823","targetHints":{"allow":["GET"]}}],"collection":[{"href":"https:\/\/linitiative.ca\/International\/wp-json\/wp\/v2\/posts"}],"about":[{"href":"https:\/\/linitiative.ca\/International\/wp-json\/wp\/v2\/types\/post"}],"author":[{"embeddable":true,"href":"https:\/\/linitiative.ca\/International\/wp-json\/wp\/v2\/users\/1772"}],"replies":[{"embeddable":true,"href":"https:\/\/linitiative.ca\/International\/wp-json\/wp\/v2\/comments?post=32823"}],"version-history":[{"count":0,"href":"https:\/\/linitiative.ca\/International\/wp-json\/wp\/v2\/posts\/32823\/revisions"}],"wp:featuredmedia":[{"embeddable":true,"href":"https:\/\/linitiative.ca\/International\/wp-json\/"}],"wp:attachment":[{"href":"https:\/\/linitiative.ca\/International\/wp-json\/wp\/v2\/media?parent=32823"}],"wp:term":[{"taxonomy":"category","embeddable":true,"href":"https:\/\/linitiative.ca\/International\/wp-json\/wp\/v2\/categories?post=32823"},{"taxonomy":"post_tag","embeddable":true,"href":"https:\/\/linitiative.ca\/International\/wp-json\/wp\/v2\/tags?post=32823"}],"curies":[{"name":"wp","href":"https:\/\/api.w.org\/{rel}","templated":true}]}}