{"id":32831,"date":"2019-05-07T06:00:00","date_gmt":"2019-05-07T10:00:00","guid":{"rendered":"https:\/\/linitiative.ca\/International\/couverture-retraite-de-274-dans-les-pays-arabes\/"},"modified":"2019-05-07T06:00:00","modified_gmt":"2019-05-07T10:00:00","slug":"couverture-retraite-de-274-dans-les-pays-arabes","status":"publish","type":"post","link":"https:\/\/linitiative.ca\/International\/couverture-retraite-de-274-dans-les-pays-arabes\/","title":{"rendered":"Couverture retraite de 27,4% dans les pays arabes"},"content":{"rendered":"<p>Dans les Etats arabes, l\u2019\u00e9valuation de la couverture effective de protection sociale est en partie entrav\u00e9e par l\u2019absence de donn\u00e9es. La couverture des r\u00e9gimes de pensions de vieillesse reste limit\u00e9e : elle atteindrait 27,4% et ne devrait pas \u00e9voluer du fait de la faible part de cotisants actifs (32,9%) au sein de la main-d\u2019\u0153uvre. Quelques avanc\u00e9es ont cependant \u00e9t\u00e9 enregistr\u00e9es dans la r\u00e9gion : l\u2019introduction d\u2019un r\u00e9gime d\u2019assurance sociale pour les travailleurs du secteur priv\u00e9 dans le territoire palestinien occup\u00e9, la mise en place de r\u00e9gimes d\u2019assurance ch\u00f4mage en Arabie Saoudite, \u00e0 Bahre\u00efn et au Kowe\u00eft et l\u2019am\u00e9lioration de la couverture pour la protection de la maternit\u00e9 en Irak et en Jordanie. L\u2019extension des socles de protection sociale aux populations vuln\u00e9rables reste cruciale dans la r\u00e9gion, compte tenu de l\u2019ampleur des besoins sociaux et de l\u2019emploi informel dans certains pays. Dans le monde, 68% des personnes ayant atteint l\u2019\u00e2ge de la retraite re\u00e7oivent une pension de vieillesse. Ce chiffre s\u2019explique par l\u2019extension des r\u00e9gimes de pension contributifs et non contributifs dans de nombreux pays \u00e0 faible revenu ou \u00e0 revenu interm\u00e9diaire. Dans de nombreux pays, les mesures d\u2019assainissement budg\u00e9taire ou d\u2019aust\u00e9rit\u00e9 continuent de mettre en p\u00e9ril l\u2019ad\u00e9quation des pensions \u00e0 long terme. Dans un contexte de vieillissement d\u00e9mographique, il convient de maintenir un bon \u00e9quilibre entre la durabilit\u00e9 et l\u2019ad\u00e9quation des prestations.<\/p>\n<p>Auteur:<br \/>\n<a href=\"https:\/\/www.lesoirdalgerie.com\/retraite\/couverture-retraite-de-27-4-dans-les-pays-arabes-23434\">Cliquez ici pour lire l&rsquo;article depuis sa source.<\/a><\/p>\n","protected":false},"excerpt":{"rendered":"<p>Dans les Etats arabes, l\u2019\u00e9valuation de la couverture effective de protection sociale est en partie entrav\u00e9e par l\u2019absence de donn\u00e9es. La couverture des r\u00e9gimes de pensions de vieillesse reste limit\u00e9e : elle atteindrait 27,4% et ne devrait pas \u00e9voluer du fait de la faible part de cotisants actifs (32,9%) au sein de la main-d\u2019\u0153uvre. Quelques [&hellip;]<\/p>\n","protected":false},"author":1741,"featured_media":0,"comment_status":"closed","ping_status":"closed","sticky":false,"template":"","format":"standard","meta":{"fifu_image_url":"","fifu_image_alt":"","footnotes":""},"categories":[73,53],"tags":[],"class_list":["post-32831","post","type-post","status-publish","format-standard","hentry","category-actualite","category-algerie"],"_links":{"self":[{"href":"https:\/\/linitiative.ca\/International\/wp-json\/wp\/v2\/posts\/32831","targetHints":{"allow":["GET"]}}],"collection":[{"href":"https:\/\/linitiative.ca\/International\/wp-json\/wp\/v2\/posts"}],"about":[{"href":"https:\/\/linitiative.ca\/International\/wp-json\/wp\/v2\/types\/post"}],"author":[{"embeddable":true,"href":"https:\/\/linitiative.ca\/International\/wp-json\/wp\/v2\/users\/1741"}],"replies":[{"embeddable":true,"href":"https:\/\/linitiative.ca\/International\/wp-json\/wp\/v2\/comments?post=32831"}],"version-history":[{"count":0,"href":"https:\/\/linitiative.ca\/International\/wp-json\/wp\/v2\/posts\/32831\/revisions"}],"wp:attachment":[{"href":"https:\/\/linitiative.ca\/International\/wp-json\/wp\/v2\/media?parent=32831"}],"wp:term":[{"taxonomy":"category","embeddable":true,"href":"https:\/\/linitiative.ca\/International\/wp-json\/wp\/v2\/categories?post=32831"},{"taxonomy":"post_tag","embeddable":true,"href":"https:\/\/linitiative.ca\/International\/wp-json\/wp\/v2\/tags?post=32831"}],"curies":[{"name":"wp","href":"https:\/\/api.w.org\/{rel}","templated":true}]}}