{"id":32833,"date":"2019-05-07T06:00:00","date_gmt":"2019-05-07T10:00:00","guid":{"rendered":"https:\/\/linitiative.ca\/International\/des-taux-allant-de-15-a-6\/"},"modified":"2019-05-07T06:00:00","modified_gmt":"2019-05-07T10:00:00","slug":"des-taux-allant-de-15-a-6","status":"publish","type":"post","link":"https:\/\/linitiative.ca\/International\/des-taux-allant-de-15-a-6\/","title":{"rendered":"Des taux allant de 1,5 \u00e0 6%"},"content":{"rendered":"<p>Le ministre du Travail, de l&rsquo;Emploi et de la S\u00e9curit\u00e9 sociale a annonc\u00e9, jeudi 2 mai 2019 \u00e0 Alger, une revalorisation des pensions et allocations de retraite \u00e0 des taux allant de 1,5 \u00e0 6% \u00e0 compter du 1er mai courant.<br \/>\u00abDans le cadre de l&rsquo;am\u00e9lioration du pouvoir d&rsquo;achat des retrait\u00e9s, le gouvernement a d\u00e9cid\u00e9, apr\u00e8s examen par le conseil d&rsquo;administration de la Caisse nationale des retraites (CNR), la revalorisation des pensions et allocations de retraite au titre de l&rsquo;ann\u00e9e 2019, \u00e0 des taux allant de 1,5 \u00e0 6% \u00e0 compter du 1er mai 2019\u00bb, a pr\u00e9cis\u00e9 le ministre qui supervisait les travaux d&rsquo;une journ\u00e9e d&rsquo;information sur la pr\u00e9vention sanitaire dans le milieu du travail en compagnie du ministre de la Sant\u00e9, de la Population et de la R\u00e9forme hospitali\u00e8re. \u00abCes augmentations qui seront vers\u00e9es en juin, seront calcul\u00e9es en fonction d&rsquo;un taux variable qui tient compte du montant global des pensions et allocations de retraite, a expliqu\u00e9 le ministre pr\u00e9cisant que \u00ables augmentations seront de l&rsquo;ordre de 6% pour les pensions dont le montant est inf\u00e9rieur ou \u00e9gal \u00e0 20 000 DA, 3% pour les pensions dont le montant est sup\u00e9rieur \u00e0 20 000 DA et inf\u00e9rieur ou \u00e9gal \u00e0 40 000 DA, 2,5% pour les pensions dont le montant est sup\u00e9rieur \u00e0 40 000 DA et inf\u00e9rieur ou \u00e9gal \u00e0 60 000 DA, 2% pour les pensions dont le montant est sup\u00e9rieur \u00e0 60 000 DA et inf\u00e9rieur ou \u00e9gal \u00e0 80 000 DA et 1,5% pour les pensions de plus de 80 000 DA\u00bb.<br \/><strong>Les meilleures prestations aux citoyens en g\u00e9n\u00e9ral et aux assur\u00e9s sociaux en particulier<\/strong><br \/>Par ailleurs, le ministre a affirm\u00e9 que les cl\u00e9s des professionnels de la sant\u00e9 relatives au syst\u00e8me de la carte \u00e9lectronique Chifa, utilis\u00e9es par les praticiens de la sant\u00e9 (pharmaciens) contractuels avec la S\u00e9curit\u00e9 sociale \u00e9taient d\u00e9sormais \u00abdisponibles \u00bb et seraient distribu\u00e9es graduellement aux nouveaux pharmaciens. Dans le m\u00eame contexte, il a assur\u00e9 que \u00abson d\u00e9partement demeure toujours \u00e0 l&rsquo;\u00e9coute de toutes les pr\u00e9occupations de ses partenaires pour offrir les meilleures prestations aux citoyens en g\u00e9n\u00e9ral et aux assur\u00e9s sociaux en particulier\u00bb. Pour sa part, le ministre de la Sant\u00e9 a affirm\u00e9 que son d\u00e9partement veille \u00e0 garantir la pr\u00e9vention sanitaire dans le milieu du travail pour \u00e9viter les troubles musculo-squelettiques (TMS) et leur diagnostic et contr\u00f4le m\u00e9dical ainsi que la mise en place des moyens et conditions n\u00e9cessaires pour \u00e9viter ces troubles en vue de pr\u00e9server la sant\u00e9 des travailleurs et booster le rendement du travail. \u00abCompte tenu de l&rsquo;importance de ce volet, l&rsquo;Etat a mis en place plus de 600 structures sp\u00e9cialis\u00e9es dans la m\u00e9decine du travail relevant du secteur de la sant\u00e9 en vue de pr\u00e9venir et promouvoir la sant\u00e9 et prendre en charge les cas touch\u00e9s par les TMS\u00bb, a-t-il soulign\u00e9.<br \/>LSR<\/p>\n<p>Auteur:<br \/>\n<a href=\"https:\/\/www.lesoirdalgerie.com\/retraite\/des-taux-allant-de-1-5-a-6-23432\">Cliquez ici pour lire l&rsquo;article depuis sa source.<\/a><\/p>\n","protected":false},"excerpt":{"rendered":"<p>Le ministre du Travail, de l&rsquo;Emploi et de la S\u00e9curit\u00e9 sociale a annonc\u00e9, jeudi 2 mai 2019 \u00e0 Alger, une revalorisation des pensions et allocations de retraite \u00e0 des taux allant de 1,5 \u00e0 6% \u00e0 compter du 1er mai courant.\u00abDans le cadre de l&rsquo;am\u00e9lioration du pouvoir d&rsquo;achat des retrait\u00e9s, le gouvernement a d\u00e9cid\u00e9, apr\u00e8s [&hellip;]<\/p>\n","protected":false},"author":1741,"featured_media":0,"comment_status":"closed","ping_status":"closed","sticky":false,"template":"","format":"standard","meta":{"fifu_image_url":"","fifu_image_alt":"","footnotes":""},"categories":[73,53],"tags":[],"class_list":["post-32833","post","type-post","status-publish","format-standard","hentry","category-actualite","category-algerie"],"_links":{"self":[{"href":"https:\/\/linitiative.ca\/International\/wp-json\/wp\/v2\/posts\/32833","targetHints":{"allow":["GET"]}}],"collection":[{"href":"https:\/\/linitiative.ca\/International\/wp-json\/wp\/v2\/posts"}],"about":[{"href":"https:\/\/linitiative.ca\/International\/wp-json\/wp\/v2\/types\/post"}],"author":[{"embeddable":true,"href":"https:\/\/linitiative.ca\/International\/wp-json\/wp\/v2\/users\/1741"}],"replies":[{"embeddable":true,"href":"https:\/\/linitiative.ca\/International\/wp-json\/wp\/v2\/comments?post=32833"}],"version-history":[{"count":0,"href":"https:\/\/linitiative.ca\/International\/wp-json\/wp\/v2\/posts\/32833\/revisions"}],"wp:attachment":[{"href":"https:\/\/linitiative.ca\/International\/wp-json\/wp\/v2\/media?parent=32833"}],"wp:term":[{"taxonomy":"category","embeddable":true,"href":"https:\/\/linitiative.ca\/International\/wp-json\/wp\/v2\/categories?post=32833"},{"taxonomy":"post_tag","embeddable":true,"href":"https:\/\/linitiative.ca\/International\/wp-json\/wp\/v2\/tags?post=32833"}],"curies":[{"name":"wp","href":"https:\/\/api.w.org\/{rel}","templated":true}]}}