{"id":32837,"date":"2019-05-07T09:06:20","date_gmt":"2019-05-07T13:06:20","guid":{"rendered":"https:\/\/linitiative.ca\/International\/marrakech-ronaldo-visite-le-chantier-de-son-hotel\/"},"modified":"2019-05-07T09:06:20","modified_gmt":"2019-05-07T13:06:20","slug":"marrakech-ronaldo-visite-le-chantier-de-son-hotel","status":"publish","type":"post","link":"https:\/\/linitiative.ca\/International\/marrakech-ronaldo-visite-le-chantier-de-son-hotel\/","title":{"rendered":"Marrakech : Ronaldo visite le chantier de son h\u00f4tel"},"content":{"rendered":"<p>L\u2019international portugais <strong>Cristiano Ronaldo<\/strong> est actuellement \u00e0 <strong>Marrakech<\/strong><strong>,<\/strong> il a profit\u00e9 cette fois-ci de son s\u00e9jour pour effectuer une visite du chantier du Pestana CR7, qui ouvrira ses portes en d\u00e9but 2020.<\/p>\n<div class=\"c10\"\/>\n<p><em>\u00ab<\/em>\u00a0Visite du futur Pestana CR7 \u00e0 Marrakech, ouverture d\u00e9but 2020, notre prochain h\u00f4tel le plus excitant\u00a0\u00bb<em>,<\/em> a \u00e9crit l\u2019attaquant de la Juventus de Turin sur son compte Instagram dans lequel il a post\u00e9 une photo de lui, accompagn\u00e9 de son fils Cristiano Jr, et de sa compagne, Gina Rodriguez, en face de son h\u00f4tel marrakchi.<\/p>\n<p><img loading=\"lazy\" decoding=\"async\" class=\"alignnone size-medium wp-image-108822\" src=\"https:\/\/www.challenge.ma\/wp-content\/uploads\/2019\/05\/cr7-300x186.jpg\" alt=\"\" width=\"300\" height=\"186\" srcset=\"https:\/\/www.challenge.ma\/wp-content\/uploads\/2019\/05\/cr7-300x186.jpg 300w, https:\/\/www.challenge.ma\/wp-content\/uploads\/2019\/05\/cr7-768x476.jpg 768w, https:\/\/www.challenge.ma\/wp-content\/uploads\/2019\/05\/cr7-1024x635.jpg 1024w, https:\/\/www.challenge.ma\/wp-content\/uploads\/2019\/05\/cr7-360x223.jpg 360w, https:\/\/www.challenge.ma\/wp-content\/uploads\/2019\/05\/cr7-750x465.jpg 750w, https:\/\/www.challenge.ma\/wp-content\/uploads\/2019\/05\/cr7.jpg 1280w\" sizes=\"auto, (max-width: 300px) 100vw, 300px\"\/><\/p>\n<p>Ce nouvel h\u00f4tel sera con\u00e7u de fa\u00e7on similaire aux deux premi\u00e8res unit\u00e9s Pestana CR7 ouvertes \u00e0 Funchal, \u00e0 Mad\u00e8re, l\u2019\u00eele natale du joueur, et \u00e0 Lisbonne. Le <strong>Pestana CR7<\/strong> Lifestyle Hotels est une joint-venture entre Cristiano Ronaldo et la cha\u00eene d\u2019h\u00f4tels.<\/p>\n<p>L\u2019h\u00f4tel Pestana CR7 Marrakech, qui relie les jardins Menara et le Palais des congr\u00e8s de Marrakech, comptera 174 chambres, deux restaurants dont un en rooftop, un centre d\u2019affaires, un spa avec salle de fitness et une piscine.<\/p>\n<p>A noter qu\u2019au Maroc, le projet sera men\u00e9 dans le cadre d\u2019un partenariat avec un investisseur marocain, dans la nouvelle avenue \u00ab\u00a0M\u00a0\u00bb de Marrakech.<\/p>\n<div class=\"c17\">\n<fieldset class=\"c16\">\n<legend><strong><span class=\"c11\">Challenge<\/span><span class=\"c12\">news<\/span><\/strong><\/legend>\n<div class=\"c15\">Le meilleur de la r\u00e9daction s\u00e9lectionn\u00e9 par Challenge :<\/p>\n<\/div>\n<\/fieldset>\n<\/div>\n<p>Auteur: Hajar DARI<br \/>\n<a href=\"https:\/\/www.challenge.ma\/marrakech-ronaldo-se-rend-au-chantier-du-pestana-cr7-108820\/\">Cliquez ici pour lire l&rsquo;article depuis sa source.<\/a><\/p>\n","protected":false},"excerpt":{"rendered":"<p>L\u2019international portugais Cristiano Ronaldo est actuellement \u00e0 Marrakech, il a profit\u00e9 cette fois-ci de son s\u00e9jour pour effectuer une visite du chantier du Pestana CR7, qui ouvrira ses portes en d\u00e9but 2020. \u00ab\u00a0Visite du futur Pestana CR7 \u00e0 Marrakech, ouverture d\u00e9but 2020, notre prochain h\u00f4tel le plus excitant\u00a0\u00bb, a \u00e9crit l\u2019attaquant de la Juventus de [&hellip;]<\/p>\n","protected":false},"author":1787,"featured_media":32838,"comment_status":"closed","ping_status":"closed","sticky":false,"template":"","format":"standard","meta":{"fifu_image_url":"","fifu_image_alt":"","footnotes":""},"categories":[78,54],"tags":[],"class_list":["post-32837","post","type-post","status-publish","format-standard","has-post-thumbnail","hentry","category-economie","category-maroc"],"_links":{"self":[{"href":"https:\/\/linitiative.ca\/International\/wp-json\/wp\/v2\/posts\/32837","targetHints":{"allow":["GET"]}}],"collection":[{"href":"https:\/\/linitiative.ca\/International\/wp-json\/wp\/v2\/posts"}],"about":[{"href":"https:\/\/linitiative.ca\/International\/wp-json\/wp\/v2\/types\/post"}],"author":[{"embeddable":true,"href":"https:\/\/linitiative.ca\/International\/wp-json\/wp\/v2\/users\/1787"}],"replies":[{"embeddable":true,"href":"https:\/\/linitiative.ca\/International\/wp-json\/wp\/v2\/comments?post=32837"}],"version-history":[{"count":0,"href":"https:\/\/linitiative.ca\/International\/wp-json\/wp\/v2\/posts\/32837\/revisions"}],"wp:featuredmedia":[{"embeddable":true,"href":"https:\/\/linitiative.ca\/International\/wp-json\/"}],"wp:attachment":[{"href":"https:\/\/linitiative.ca\/International\/wp-json\/wp\/v2\/media?parent=32837"}],"wp:term":[{"taxonomy":"category","embeddable":true,"href":"https:\/\/linitiative.ca\/International\/wp-json\/wp\/v2\/categories?post=32837"},{"taxonomy":"post_tag","embeddable":true,"href":"https:\/\/linitiative.ca\/International\/wp-json\/wp\/v2\/tags?post=32837"}],"curies":[{"name":"wp","href":"https:\/\/api.w.org\/{rel}","templated":true}]}}