{"id":32840,"date":"2019-05-07T11:29:54","date_gmt":"2019-05-07T15:29:54","guid":{"rendered":"https:\/\/linitiative.ca\/International\/le-portugais-tecnimede-poursuit-ses-investissements-a-berrechid\/"},"modified":"2019-05-07T11:29:54","modified_gmt":"2019-05-07T15:29:54","slug":"le-portugais-tecnimede-poursuit-ses-investissements-a-berrechid","status":"publish","type":"post","link":"https:\/\/linitiative.ca\/International\/le-portugais-tecnimede-poursuit-ses-investissements-a-berrechid\/","title":{"rendered":"Le portugais Tecnimede poursuit ses investissements \u00e0 Berrechid"},"content":{"rendered":"<p class=\"p1\"><span class=\"s1\">L<\/span><span class=\"s1\">e groupe portugais <strong>Tecnimede<\/strong> continue d\u2019investir sur son site de Berrechid. Trois ans apr\u00e8s l\u2019entr\u00e9e en sc\u00e8ne de l\u2019unit\u00e9 pharmaceutique d\u2019Atlas Pharm, la maison m\u00e8re bas\u00e9e \u00e0 Sintra (pr\u00e8s de Lisbonne) vient d\u2019y injecter quelque 5 millions de DH pour en renforcer les fonds propres.<\/span><\/p>\n<div class=\"c10\"\/>\n<p class=\"p2\"><span class=\"s1\">Ce nouveau concours porte le capital d\u2019Atlas Pharm \u00e0 70 millions de DH, alors que le total des investissements dans son laboratoire pharmaceutique avoisine d\u00e9sormais les 200 millions de DH. Il faut dire que le groupe Tecnimede n\u2019a pas l\u00e9sin\u00e9 sur les moyens financiers et techniques pour faire un joyau pharmaceutique dans la fabrication des g\u00e9n\u00e9riques pour les pathologies lourdes telles le cancer de sein, de la prostate ou encore les cancers de sang. Un challenge d\u2019autant plus ambitieux que cette filiale vise non seulement le march\u00e9 marocain,<span class=\"Apple-converted-space\">\u00a0<\/span> mais \u00e9galement d\u2019autres march\u00e9s traditionnels dans les produits g\u00e9n\u00e9riques utilis\u00e9s dans la cardiologie, l\u2019oncologie, la rhumatologie et quelques maladies respiratoires. Cette premi\u00e8re filiale du groupe en dehors de l\u2019Europe, emploie aujourd\u2019hui pr\u00e8s de 100 personnes.<\/span><\/p>\n<p class=\"p2\"><span class=\"s1\">Rappelons que Tecnimede a commenc\u00e9 ses op\u00e9rations au Maroc d\u00e8s 1999 \u00e0 travers Tecnimede Maroc, un laboratoire pharmaceutique sp\u00e9cialis\u00e9.<\/span><\/p>\n<p class=\"p2\"><span class=\"s1\">Avec ses 2 unit\u00e9s, Tecnimede Maroc et Atlas Pharma, le groupe portugais cr\u00e9\u00e9 au d\u00e9but des ann\u00e9es 1980, fait partie du top 5 des g\u00e9n\u00e9riqueurs au Maroc.<\/span><\/p>\n<div class=\"c17\">\n<fieldset class=\"c16\">\n<legend><strong><span class=\"c11\">Challenge<\/span><span class=\"c12\">news<\/span><\/strong><\/legend>\n<div class=\"c15\">Le meilleur de la r\u00e9daction s\u00e9lectionn\u00e9 par Challenge :<\/p>\n<\/div>\n<\/fieldset>\n<\/div>\n<p>Auteur: challenge<br \/>\n<a href=\"https:\/\/www.challenge.ma\/le-portugais-tecnimede-poursuit-ses-investissements-a-berrechid-108828\/\">Cliquez ici pour lire l&rsquo;article depuis sa source.<\/a><\/p>\n","protected":false},"excerpt":{"rendered":"<p>Le groupe portugais Tecnimede continue d\u2019investir sur son site de Berrechid. Trois ans apr\u00e8s l\u2019entr\u00e9e en sc\u00e8ne de l\u2019unit\u00e9 pharmaceutique d\u2019Atlas Pharm, la maison m\u00e8re bas\u00e9e \u00e0 Sintra (pr\u00e8s de Lisbonne) vient d\u2019y injecter quelque 5 millions de DH pour en renforcer les fonds propres. Ce nouveau concours porte le capital d\u2019Atlas Pharm \u00e0 70 [&hellip;]<\/p>\n","protected":false},"author":1787,"featured_media":0,"comment_status":"closed","ping_status":"closed","sticky":false,"template":"","format":"standard","meta":{"fifu_image_url":"","fifu_image_alt":"","footnotes":""},"categories":[78,54],"tags":[],"class_list":["post-32840","post","type-post","status-publish","format-standard","hentry","category-economie","category-maroc"],"_links":{"self":[{"href":"https:\/\/linitiative.ca\/International\/wp-json\/wp\/v2\/posts\/32840","targetHints":{"allow":["GET"]}}],"collection":[{"href":"https:\/\/linitiative.ca\/International\/wp-json\/wp\/v2\/posts"}],"about":[{"href":"https:\/\/linitiative.ca\/International\/wp-json\/wp\/v2\/types\/post"}],"author":[{"embeddable":true,"href":"https:\/\/linitiative.ca\/International\/wp-json\/wp\/v2\/users\/1787"}],"replies":[{"embeddable":true,"href":"https:\/\/linitiative.ca\/International\/wp-json\/wp\/v2\/comments?post=32840"}],"version-history":[{"count":0,"href":"https:\/\/linitiative.ca\/International\/wp-json\/wp\/v2\/posts\/32840\/revisions"}],"wp:attachment":[{"href":"https:\/\/linitiative.ca\/International\/wp-json\/wp\/v2\/media?parent=32840"}],"wp:term":[{"taxonomy":"category","embeddable":true,"href":"https:\/\/linitiative.ca\/International\/wp-json\/wp\/v2\/categories?post=32840"},{"taxonomy":"post_tag","embeddable":true,"href":"https:\/\/linitiative.ca\/International\/wp-json\/wp\/v2\/tags?post=32840"}],"curies":[{"name":"wp","href":"https:\/\/api.w.org\/{rel}","templated":true}]}}