{"id":32841,"date":"2019-05-07T17:04:42","date_gmt":"2019-05-07T21:04:42","guid":{"rendered":"https:\/\/linitiative.ca\/International\/la-promotion-et-la-restructuration-du-secteur-en-marche\/"},"modified":"2019-05-07T17:04:42","modified_gmt":"2019-05-07T21:04:42","slug":"la-promotion-et-la-restructuration-du-secteur-en-marche","status":"publish","type":"post","link":"https:\/\/linitiative.ca\/International\/la-promotion-et-la-restructuration-du-secteur-en-marche\/","title":{"rendered":"La promotion et la restructuration du secteur en marche"},"content":{"rendered":"<p>La feuille de route relative au d\u00e9veloppement de la <strong>formation professionnelle<\/strong>, pr\u00e9sent\u00e9e en avril dernier devant SM le Roi Mohammed VI, a pour objectifs de promouvoir le secteur et de restructurer ses fili\u00e8res conform\u00e9ment aux exigences du march\u00e9 de travail, a indiqu\u00e9, le 7 mai \u00e0 Rabat, le ministre de l\u2019<strong>\u00c9ducation nationale<\/strong>, de la Formation professionnelle, de l\u2019Enseignement sup\u00e9rieur et de la Recherche scientifique, Sa\u00efd Amzazi.<br \/>En r\u00e9ponse \u00e0 une question orale sur \u00ab\u00a0la <strong>strat\u00e9gie<\/strong> du gouvernement pour le d\u00e9veloppement du syst\u00e8me de la formation professionnelle\u00a0\u00bb, pr\u00e9sent\u00e9e par le groupe Haraki \u00e0 la Chambre des conseillers, le ministre a soulign\u00e9 que la feuille de route relative au projet des \u00ab\u00a0Cit\u00e9s des m\u00e9tiers et des <strong>comp\u00e9tences<\/strong>\u00a0\u00bb vise, \u00e9galement, \u00e0 d\u00e9velopper et \u00e0 moderniser les m\u00e9thodes p\u00e9dagogiques et am\u00e9liorer l\u2019employabilit\u00e9 des jeunes, \u00e0 travers une s\u00e9rie de programmes, de formations et de requalification de courte dur\u00e9e.<br \/>En vertu de ce document, des centres de formation professionnelle de nouvelle g\u00e9n\u00e9ration seront mis en place, notamment en cr\u00e9ant des \u00ab\u00a0Cit\u00e9s des m\u00e9tiers et des comp\u00e9tences\u00bb dans diff\u00e9rentes r\u00e9gions du Royaume. \u00ab\u00a0Ces centres sont des mod\u00e8les r\u00e9els et efficaces pour le d\u00e9veloppement des structures actuelles, qui seront r\u00e9organis\u00e9es dans un cadre g\u00e9n\u00e9ral de la mise en question des formations qu\u2019ils offrent\u00a0\u00bb, a-t-il soulign\u00e9.<br \/>Said Amzazi a indiqu\u00e9 aussi que la <strong>feuille de route<\/strong> a pour ambition de cr\u00e9er des \u00ab\u00a0Cit\u00e9s des m\u00e9tiers et des comp\u00e9tences\u00a0\u00bb adapt\u00e9es aux particularit\u00e9s et aux potentialit\u00e9s de la r\u00e9gion en question et concerne les m\u00e9tiers relatifs aux domaines des activit\u00e9s appuyant le syst\u00e8me environnemental et \u00e9conomique, ainsi qu\u2019aux m\u00e9tiers de l\u2019avenir dans le domaine <strong>num\u00e9rique<\/strong> et du transfert des services.<br \/>La feuille de route permettra d\u2019offrir, dans un premier temps, une formation dans le domaine de l\u2019intelligence artificielle au niveau de la r\u00e9gion de Rabat-Sal\u00e9-K\u00e9nitra et de Casablanca-Settat et de d\u00e9velopper tous les programmes consacr\u00e9s aux jeunes \u0153uvrant dans le secteur informel, afin de consolider leurs comp\u00e9tences techniques et transversales, particuli\u00e8rement dans les langues, afin de les int\u00e9grer dans le secteur formel. Selon le ministre, la feuille de route repose sur des approches p\u00e9dagogiques visant la ma\u00eetrise des langues \u00e9trang\u00e8res, la diversification des comp\u00e9tences et l\u2019int\u00e9gration des professionnels, en encourageant la formation et l\u2019apprentissage.<\/p>\n<div class=\"c10\"\/>\n<div class=\"c17\">\n<fieldset class=\"c16\">\n<legend><strong><span class=\"c11\">Challenge<\/span><span class=\"c12\">news<\/span><\/strong><\/legend>\n<div class=\"c15\">Le meilleur de la r\u00e9daction s\u00e9lectionn\u00e9 par Challenge :<\/p>\n<\/div>\n<\/fieldset>\n<\/div>\n<p>Auteur: Roland Amoussou<br \/>\n<a href=\"https:\/\/www.challenge.ma\/la-promotion-et-la-restructuration-du-secteur-en-marche-108837\/\">Cliquez ici pour lire l&rsquo;article depuis sa source.<\/a><\/p>\n","protected":false},"excerpt":{"rendered":"<p>La feuille de route relative au d\u00e9veloppement de la formation professionnelle, pr\u00e9sent\u00e9e en avril dernier devant SM le Roi Mohammed VI, a pour objectifs de promouvoir le secteur et de restructurer ses fili\u00e8res conform\u00e9ment aux exigences du march\u00e9 de travail, a indiqu\u00e9, le 7 mai \u00e0 Rabat, le ministre de l\u2019\u00c9ducation nationale, de la Formation [&hellip;]<\/p>\n","protected":false},"author":1787,"featured_media":0,"comment_status":"closed","ping_status":"closed","sticky":false,"template":"","format":"standard","meta":{"fifu_image_url":"","fifu_image_alt":"","footnotes":""},"categories":[78,54],"tags":[],"class_list":["post-32841","post","type-post","status-publish","format-standard","hentry","category-economie","category-maroc"],"_links":{"self":[{"href":"https:\/\/linitiative.ca\/International\/wp-json\/wp\/v2\/posts\/32841","targetHints":{"allow":["GET"]}}],"collection":[{"href":"https:\/\/linitiative.ca\/International\/wp-json\/wp\/v2\/posts"}],"about":[{"href":"https:\/\/linitiative.ca\/International\/wp-json\/wp\/v2\/types\/post"}],"author":[{"embeddable":true,"href":"https:\/\/linitiative.ca\/International\/wp-json\/wp\/v2\/users\/1787"}],"replies":[{"embeddable":true,"href":"https:\/\/linitiative.ca\/International\/wp-json\/wp\/v2\/comments?post=32841"}],"version-history":[{"count":0,"href":"https:\/\/linitiative.ca\/International\/wp-json\/wp\/v2\/posts\/32841\/revisions"}],"wp:attachment":[{"href":"https:\/\/linitiative.ca\/International\/wp-json\/wp\/v2\/media?parent=32841"}],"wp:term":[{"taxonomy":"category","embeddable":true,"href":"https:\/\/linitiative.ca\/International\/wp-json\/wp\/v2\/categories?post=32841"},{"taxonomy":"post_tag","embeddable":true,"href":"https:\/\/linitiative.ca\/International\/wp-json\/wp\/v2\/tags?post=32841"}],"curies":[{"name":"wp","href":"https:\/\/api.w.org\/{rel}","templated":true}]}}