{"id":32842,"date":"2019-05-07T13:15:52","date_gmt":"2019-05-07T17:15:52","guid":{"rendered":"https:\/\/linitiative.ca\/International\/libye-les-forces-de-tripoli-accusent-les-eau-de-participer-a-la-guerre-a-cote-de-haftar-lors-quelles-engagent-des-pilotes-mercenaires-etrangers\/"},"modified":"2019-05-07T13:15:52","modified_gmt":"2019-05-07T17:15:52","slug":"libye-les-forces-de-tripoli-accusent-les-eau-de-participer-a-la-guerre-a-cote-de-haftar-lors-quelles-engagent-des-pilotes-mercenaires-etrangers","status":"publish","type":"post","link":"https:\/\/linitiative.ca\/International\/libye-les-forces-de-tripoli-accusent-les-eau-de-participer-a-la-guerre-a-cote-de-haftar-lors-quelles-engagent-des-pilotes-mercenaires-etrangers\/","title":{"rendered":"Libye\u00a0: Les forces de Tripoli accusent les EAU de participer \u00e0 la guerre \u00e0 c\u00f4t\u00e9 de Haftar, lors qu\u2019elles engagent des pilotes mercenaires \u00e9trangers"},"content":{"rendered":"<div class=\"post-cont-in left relative\">\n<p>Les forces de Haftar, accus\u00e9es par le pouvoir en place \u00e0 Tripoli de b\u00e9n\u00e9ficier d\u2019une aide logistique et m\u00eame arm\u00e9e des Emirats Arabes Unis, ont abattu ce mardi, un avion du gouvernement de Tripoli. Au moment d\u2019appr\u00e9hender le pilote, il s\u2019est av\u00e9r\u00e9 que ce dernier \u00e9tait portugais et que\u00a0c\u2019\u00e9tait un mercenaire parmi plusieurs autres en provenance de plusieurs pays, qui combattent pour le gouvernement de Tripoli moyennant r\u00e9mun\u00e9rations.<\/p>\n<p><img loading=\"lazy\" decoding=\"async\" class=\"aligncenter size-full wp-image-433009\" src=\"https:\/\/www.tunisienumerique.com\/wp-content\/uploads\/2019\/05\/haf2.jpg\" alt=\"\" width=\"437\" height=\"463\"\/><\/p>\n<div class=\"code-block code-block-1 c3\"><ins class=\"adsbygoogle c2\" data-ad-layout=\"in-article\" data-ad-format=\"fluid\" data-ad-client=\"ca-pub-2102118777505746\" data-ad-slot=\"7301775417\"\/> <\/div>\n<p><img loading=\"lazy\" decoding=\"async\" class=\"aligncenter size-full wp-image-433010\" src=\"https:\/\/www.tunisienumerique.com\/wp-content\/uploads\/2019\/05\/haf3.jpg\" alt=\"\" width=\"437\" height=\"571\"\/><\/p>\n<div class=\"mvp-org-wrap mvp-org-logo\" itemprop=\"publisher\" itemscope=\"\" itemtype=\"https:\/\/schema.org\/Organization\"><img decoding=\"async\" src=\"https:\/\/www.tunisienumerique.com\/wp-content\/uploads\/2017\/02\/logo_tunisie_numerique.png\"\/><\/div>\n<\/div>\n<p>Auteur: LM<br \/>\n<a href=\"https:\/\/www.tunisienumerique.com\/libye-les-forces-de-tripoli-accusent-les-eau-de-participer-a-la-guerre-a-cote-de-haftar-lors-quelles-engagent-des-pilotes-mercenaires-etrangers\/\">Cliquez ici pour lire l&rsquo;article depuis sa source.<\/a><\/p>\n","protected":false},"excerpt":{"rendered":"<p>Les forces de Haftar, accus\u00e9es par le pouvoir en place \u00e0 Tripoli de b\u00e9n\u00e9ficier d\u2019une aide logistique et m\u00eame arm\u00e9e des Emirats Arabes Unis, ont abattu ce mardi, un avion du gouvernement de Tripoli. Au moment d\u2019appr\u00e9hender le pilote, il s\u2019est av\u00e9r\u00e9 que ce dernier \u00e9tait portugais et que\u00a0c\u2019\u00e9tait un mercenaire parmi plusieurs autres en [&hellip;]<\/p>\n","protected":false},"author":1789,"featured_media":32843,"comment_status":"closed","ping_status":"closed","sticky":false,"template":"","format":"standard","meta":{"fifu_image_url":"","fifu_image_alt":"","footnotes":""},"categories":[73,55],"tags":[],"class_list":["post-32842","post","type-post","status-publish","format-standard","has-post-thumbnail","hentry","category-actualite","category-tunisie"],"_links":{"self":[{"href":"https:\/\/linitiative.ca\/International\/wp-json\/wp\/v2\/posts\/32842","targetHints":{"allow":["GET"]}}],"collection":[{"href":"https:\/\/linitiative.ca\/International\/wp-json\/wp\/v2\/posts"}],"about":[{"href":"https:\/\/linitiative.ca\/International\/wp-json\/wp\/v2\/types\/post"}],"author":[{"embeddable":true,"href":"https:\/\/linitiative.ca\/International\/wp-json\/wp\/v2\/users\/1789"}],"replies":[{"embeddable":true,"href":"https:\/\/linitiative.ca\/International\/wp-json\/wp\/v2\/comments?post=32842"}],"version-history":[{"count":0,"href":"https:\/\/linitiative.ca\/International\/wp-json\/wp\/v2\/posts\/32842\/revisions"}],"wp:featuredmedia":[{"embeddable":true,"href":"https:\/\/linitiative.ca\/International\/wp-json\/"}],"wp:attachment":[{"href":"https:\/\/linitiative.ca\/International\/wp-json\/wp\/v2\/media?parent=32842"}],"wp:term":[{"taxonomy":"category","embeddable":true,"href":"https:\/\/linitiative.ca\/International\/wp-json\/wp\/v2\/categories?post=32842"},{"taxonomy":"post_tag","embeddable":true,"href":"https:\/\/linitiative.ca\/International\/wp-json\/wp\/v2\/tags?post=32842"}],"curies":[{"name":"wp","href":"https:\/\/api.w.org\/{rel}","templated":true}]}}