{"id":32846,"date":"2019-05-07T13:57:08","date_gmt":"2019-05-07T17:57:08","guid":{"rendered":"https:\/\/linitiative.ca\/International\/tunisie-gafsa-mandat-de-depot-a-lencontre-du-secretaire-general-regional-du-syndicat-des-forces-de-securite\/"},"modified":"2019-05-07T13:57:08","modified_gmt":"2019-05-07T17:57:08","slug":"tunisie-gafsa-mandat-de-depot-a-lencontre-du-secretaire-general-regional-du-syndicat-des-forces-de-securite","status":"publish","type":"post","link":"https:\/\/linitiative.ca\/International\/tunisie-gafsa-mandat-de-depot-a-lencontre-du-secretaire-general-regional-du-syndicat-des-forces-de-securite\/","title":{"rendered":"Tunisie \u2013 Gafsa\u00a0: Mandat de d\u00e9p\u00f4t \u00e0 l\u2019encontre du secr\u00e9taire g\u00e9n\u00e9ral r\u00e9gional du syndicat des forces de s\u00e9curit\u00e9"},"content":{"rendered":"<div class=\"post-cont-in left relative\">\n<p>Le parquet de Gafsa a \u00e9mis, ce mardi, un mandat de d\u00e9p\u00f4t \u00e0 l\u2019encontre du Secr\u00e9taire g\u00e9n\u00e9ral r\u00e9gional du syndicat des forces de l\u2019ordre qui a couvert un crime et cacher des pi\u00e8ces \u00e0 conviction.<\/p>\n<p>L\u2019agent en question a couvert son fils et cach\u00e9 quelques \u00e9l\u00e9ments qui auraient d\u00fb permettre l\u2019\u00e9lucidation du viol et de l\u2019assassinat d\u2019une jeune femme, qui a secou\u00e9 la localit\u00e9 de Mdhilla, il y a quelques jours. Le fils \u00e9tait\u00a0l\u2019un des principaux protagonistes de ce crime et aurait agi sous l\u2019influence de drogues.<\/p>\n<div class=\"code-block code-block-1 c3\"><ins class=\"adsbygoogle c2\" data-ad-layout=\"in-article\" data-ad-format=\"fluid\" data-ad-client=\"ca-pub-2102118777505746\" data-ad-slot=\"7301775417\"\/> <\/div>\n<div class=\"mvp-org-wrap mvp-org-logo\" itemprop=\"publisher\" itemscope=\"\" itemtype=\"https:\/\/schema.org\/Organization\"><img decoding=\"async\" src=\"https:\/\/www.tunisienumerique.com\/wp-content\/uploads\/2017\/02\/logo_tunisie_numerique.png\"\/><\/div>\n<div class=\"mvp-related-posts left relative\">\n<h4 class=\"post-header\"><span class=\"post-header\">Lire aussi<\/span><\/h4>\n<\/div>\n<\/div>\n<p>Auteur: LM<br \/>\n<a href=\"https:\/\/www.tunisienumerique.com\/tunisie-gafsa-mandat-de-depot-a-lencontre-du-secretaire-general-regional-du-syndicat-des-forces-de-securite\/\">Cliquez ici pour lire l&rsquo;article depuis sa source.<\/a><\/p>\n","protected":false},"excerpt":{"rendered":"<p>Le parquet de Gafsa a \u00e9mis, ce mardi, un mandat de d\u00e9p\u00f4t \u00e0 l\u2019encontre du Secr\u00e9taire g\u00e9n\u00e9ral r\u00e9gional du syndicat des forces de l\u2019ordre qui a couvert un crime et cacher des pi\u00e8ces \u00e0 conviction. L\u2019agent en question a couvert son fils et cach\u00e9 quelques \u00e9l\u00e9ments qui auraient d\u00fb permettre l\u2019\u00e9lucidation du viol et de [&hellip;]<\/p>\n","protected":false},"author":1789,"featured_media":32847,"comment_status":"closed","ping_status":"closed","sticky":false,"template":"","format":"standard","meta":{"fifu_image_url":"","fifu_image_alt":"","footnotes":""},"categories":[73,55],"tags":[],"class_list":["post-32846","post","type-post","status-publish","format-standard","has-post-thumbnail","hentry","category-actualite","category-tunisie"],"_links":{"self":[{"href":"https:\/\/linitiative.ca\/International\/wp-json\/wp\/v2\/posts\/32846","targetHints":{"allow":["GET"]}}],"collection":[{"href":"https:\/\/linitiative.ca\/International\/wp-json\/wp\/v2\/posts"}],"about":[{"href":"https:\/\/linitiative.ca\/International\/wp-json\/wp\/v2\/types\/post"}],"author":[{"embeddable":true,"href":"https:\/\/linitiative.ca\/International\/wp-json\/wp\/v2\/users\/1789"}],"replies":[{"embeddable":true,"href":"https:\/\/linitiative.ca\/International\/wp-json\/wp\/v2\/comments?post=32846"}],"version-history":[{"count":0,"href":"https:\/\/linitiative.ca\/International\/wp-json\/wp\/v2\/posts\/32846\/revisions"}],"wp:featuredmedia":[{"embeddable":true,"href":"https:\/\/linitiative.ca\/International\/wp-json\/"}],"wp:attachment":[{"href":"https:\/\/linitiative.ca\/International\/wp-json\/wp\/v2\/media?parent=32846"}],"wp:term":[{"taxonomy":"category","embeddable":true,"href":"https:\/\/linitiative.ca\/International\/wp-json\/wp\/v2\/categories?post=32846"},{"taxonomy":"post_tag","embeddable":true,"href":"https:\/\/linitiative.ca\/International\/wp-json\/wp\/v2\/tags?post=32846"}],"curies":[{"name":"wp","href":"https:\/\/api.w.org\/{rel}","templated":true}]}}