{"id":32848,"date":"2019-05-07T14:14:16","date_gmt":"2019-05-07T18:14:16","guid":{"rendered":"https:\/\/linitiative.ca\/International\/tunisie-sfax-saisie-dune-quantite-de-viande-impropre-a-la-consommation-a-labattoir\/"},"modified":"2019-05-07T14:14:16","modified_gmt":"2019-05-07T18:14:16","slug":"tunisie-sfax-saisie-dune-quantite-de-viande-impropre-a-la-consommation-a-labattoir","status":"publish","type":"post","link":"https:\/\/linitiative.ca\/International\/tunisie-sfax-saisie-dune-quantite-de-viande-impropre-a-la-consommation-a-labattoir\/","title":{"rendered":"Tunisie \u2013 Sfax\u00a0: Saisie d\u2019une quantit\u00e9 de viande impropre \u00e0 la consommation \u00e0 l\u2019abattoir"},"content":{"rendered":"<div class=\"post-cont-in left relative\">\n<p>La municipalit\u00e9 de Sfax a annonc\u00e9,\u00a0via sa page Facebook la saisie et la destruction de la carcasse d\u2019une vache et d\u2019une quantit\u00e9 de viande ovine,\u00a0\u00e0 l\u2019abattoir de la ville par le v\u00e9t\u00e9rinaire relevant de la municipalit\u00e9 et ses adjoints.<\/p>\n<p>Cette viande a \u00e9t\u00e9 jug\u00e9e, par les techniciens, impropre \u00e0 la consommation humaine.<\/p>\n<div class=\"code-block code-block-1 c3\"><ins class=\"adsbygoogle c2\" data-ad-layout=\"in-article\" data-ad-format=\"fluid\" data-ad-client=\"ca-pub-2102118777505746\" data-ad-slot=\"7301775417\"\/> <\/div>\n<div class=\"mvp-org-wrap mvp-org-logo\" itemprop=\"publisher\" itemscope=\"\" itemtype=\"https:\/\/schema.org\/Organization\"><img decoding=\"async\" src=\"https:\/\/www.tunisienumerique.com\/wp-content\/uploads\/2017\/02\/logo_tunisie_numerique.png\"\/><\/div>\n<div class=\"mvp-related-posts left relative\">\n<h4 class=\"post-header\"><span class=\"post-header\">Lire aussi<\/span><\/h4>\n<\/div>\n<\/div>\n<p>Auteur: LM<br \/>\n<a href=\"https:\/\/www.tunisienumerique.com\/tunisie-sfax-saisie-dune-quantite-de-viande-impropre-a-la-consommation-a-labattoir\/\">Cliquez ici pour lire l&rsquo;article depuis sa source.<\/a><\/p>\n","protected":false},"excerpt":{"rendered":"<p>La municipalit\u00e9 de Sfax a annonc\u00e9,\u00a0via sa page Facebook la saisie et la destruction de la carcasse d\u2019une vache et d\u2019une quantit\u00e9 de viande ovine,\u00a0\u00e0 l\u2019abattoir de la ville par le v\u00e9t\u00e9rinaire relevant de la municipalit\u00e9 et ses adjoints. Cette viande a \u00e9t\u00e9 jug\u00e9e, par les techniciens, impropre \u00e0 la consommation humaine. Lire aussi Auteur: [&hellip;]<\/p>\n","protected":false},"author":1789,"featured_media":32849,"comment_status":"closed","ping_status":"closed","sticky":false,"template":"","format":"standard","meta":{"fifu_image_url":"","fifu_image_alt":"","footnotes":""},"categories":[73,55],"tags":[],"class_list":["post-32848","post","type-post","status-publish","format-standard","has-post-thumbnail","hentry","category-actualite","category-tunisie"],"_links":{"self":[{"href":"https:\/\/linitiative.ca\/International\/wp-json\/wp\/v2\/posts\/32848","targetHints":{"allow":["GET"]}}],"collection":[{"href":"https:\/\/linitiative.ca\/International\/wp-json\/wp\/v2\/posts"}],"about":[{"href":"https:\/\/linitiative.ca\/International\/wp-json\/wp\/v2\/types\/post"}],"author":[{"embeddable":true,"href":"https:\/\/linitiative.ca\/International\/wp-json\/wp\/v2\/users\/1789"}],"replies":[{"embeddable":true,"href":"https:\/\/linitiative.ca\/International\/wp-json\/wp\/v2\/comments?post=32848"}],"version-history":[{"count":0,"href":"https:\/\/linitiative.ca\/International\/wp-json\/wp\/v2\/posts\/32848\/revisions"}],"wp:featuredmedia":[{"embeddable":true,"href":"https:\/\/linitiative.ca\/International\/wp-json\/"}],"wp:attachment":[{"href":"https:\/\/linitiative.ca\/International\/wp-json\/wp\/v2\/media?parent=32848"}],"wp:term":[{"taxonomy":"category","embeddable":true,"href":"https:\/\/linitiative.ca\/International\/wp-json\/wp\/v2\/categories?post=32848"},{"taxonomy":"post_tag","embeddable":true,"href":"https:\/\/linitiative.ca\/International\/wp-json\/wp\/v2\/tags?post=32848"}],"curies":[{"name":"wp","href":"https:\/\/api.w.org\/{rel}","templated":true}]}}