{"id":32850,"date":"2019-05-07T15:20:57","date_gmt":"2019-05-07T19:20:57","guid":{"rendered":"https:\/\/linitiative.ca\/International\/algerie-incarceration-de-lhomme-daffaires-hamid-melzi-pour-espionnage\/"},"modified":"2019-05-07T15:20:57","modified_gmt":"2019-05-07T19:20:57","slug":"algerie-incarceration-de-lhomme-daffaires-hamid-melzi-pour-espionnage","status":"publish","type":"post","link":"https:\/\/linitiative.ca\/International\/algerie-incarceration-de-lhomme-daffaires-hamid-melzi-pour-espionnage\/","title":{"rendered":"Alg\u00e9rie \u2013 Incarc\u00e9ration de l\u2019homme d\u2019affaires Hamid Melzi pour espionnage"},"content":{"rendered":"<div class=\"post-cont-in left relative\">\n<p>Hamid Melzi, ex-directeur des R\u00e9sidences d\u2019\u00c9tat Sahel et ex-PDG de la Soci\u00e9t\u00e9 d\u2019investissement h\u00f4telier (SIH), a \u00e9t\u00e9 mis sous mandat de d\u00e9p\u00f4t par le juge d\u2019instruction pr\u00e8s du tribunal d\u2019Alger, dans la nuit de lundi \u00e0 mardi.<\/p>\n<p>\u201cHamid Melzi a \u00e9t\u00e9 entendu durant une bonne partie de la soir\u00e9e de lundi avant que le juge ne d\u00e9cide de le mettre sous mandat de d\u00e9p\u00f4t vers 02h30 du matin\u201d, a pr\u00e9cis\u00e9 son avocat Me Miloud Brahimi \u00e0 TSA.<\/p>\n<div class=\"code-block code-block-1 c3\"><ins class=\"adsbygoogle c2\" data-ad-layout=\"in-article\" data-ad-format=\"fluid\" data-ad-client=\"ca-pub-2102118777505746\" data-ad-slot=\"7301775417\"\/> <\/div>\n<p>Hamid Melzi est poursuivi, selon son avocat, pour avoir r\u00e9uni des informations\u00a0afin de les fournir \u00e0 une puissance \u00e9trang\u00e8re.\u00a0\u201cComme Melzi travaille avec les chinois dans ses projets, on peut deviner de quelle puissance il s\u2019agit\u201d\u00a0a ajout\u00e9 son avocat. Le juge a retenu un deuxi\u00e8me chef d\u2019inculpation, \u201cd\u00e9tention de munitions sans autorisation \u201c, apr\u00e8s avoir trouv\u00e9 une vingtaine de cartouches chez lui<\/p>\n<div class=\"mvp-org-wrap mvp-org-logo\" itemprop=\"publisher\" itemscope=\"\" itemtype=\"https:\/\/schema.org\/Organization\"><img decoding=\"async\" src=\"https:\/\/www.tunisienumerique.com\/wp-content\/uploads\/2017\/02\/logo_tunisie_numerique.png\"\/><\/div>\n<div class=\"mvp-related-posts left relative\">\n<h4 class=\"post-header\"><span class=\"post-header\">Lire aussi<\/span><\/h4>\n<\/div>\n<\/div>\n<p>Auteur: LM<br \/>\n<a href=\"https:\/\/www.tunisienumerique.com\/algerie-incarceration-de-lhomme-daffaires-hamid-melzi-pour-espionnage\/\">Cliquez ici pour lire l&rsquo;article depuis sa source.<\/a><\/p>\n","protected":false},"excerpt":{"rendered":"<p>Hamid Melzi, ex-directeur des R\u00e9sidences d\u2019\u00c9tat Sahel et ex-PDG de la Soci\u00e9t\u00e9 d\u2019investissement h\u00f4telier (SIH), a \u00e9t\u00e9 mis sous mandat de d\u00e9p\u00f4t par le juge d\u2019instruction pr\u00e8s du tribunal d\u2019Alger, dans la nuit de lundi \u00e0 mardi. \u201cHamid Melzi a \u00e9t\u00e9 entendu durant une bonne partie de la soir\u00e9e de lundi avant que le juge [&hellip;]<\/p>\n","protected":false},"author":1789,"featured_media":32851,"comment_status":"closed","ping_status":"closed","sticky":false,"template":"","format":"standard","meta":{"fifu_image_url":"","fifu_image_alt":"","footnotes":""},"categories":[73,55],"tags":[],"class_list":["post-32850","post","type-post","status-publish","format-standard","has-post-thumbnail","hentry","category-actualite","category-tunisie"],"_links":{"self":[{"href":"https:\/\/linitiative.ca\/International\/wp-json\/wp\/v2\/posts\/32850","targetHints":{"allow":["GET"]}}],"collection":[{"href":"https:\/\/linitiative.ca\/International\/wp-json\/wp\/v2\/posts"}],"about":[{"href":"https:\/\/linitiative.ca\/International\/wp-json\/wp\/v2\/types\/post"}],"author":[{"embeddable":true,"href":"https:\/\/linitiative.ca\/International\/wp-json\/wp\/v2\/users\/1789"}],"replies":[{"embeddable":true,"href":"https:\/\/linitiative.ca\/International\/wp-json\/wp\/v2\/comments?post=32850"}],"version-history":[{"count":0,"href":"https:\/\/linitiative.ca\/International\/wp-json\/wp\/v2\/posts\/32850\/revisions"}],"wp:featuredmedia":[{"embeddable":true,"href":"https:\/\/linitiative.ca\/International\/wp-json\/"}],"wp:attachment":[{"href":"https:\/\/linitiative.ca\/International\/wp-json\/wp\/v2\/media?parent=32850"}],"wp:term":[{"taxonomy":"category","embeddable":true,"href":"https:\/\/linitiative.ca\/International\/wp-json\/wp\/v2\/categories?post=32850"},{"taxonomy":"post_tag","embeddable":true,"href":"https:\/\/linitiative.ca\/International\/wp-json\/wp\/v2\/tags?post=32850"}],"curies":[{"name":"wp","href":"https:\/\/api.w.org\/{rel}","templated":true}]}}