{"id":32852,"date":"2019-05-07T15:30:54","date_gmt":"2019-05-07T19:30:54","guid":{"rendered":"https:\/\/linitiative.ca\/International\/turquie-erdogan-exige-et-obtient-lannulation-des-resultats-des-elections-municipales-distanbul\/"},"modified":"2019-05-07T15:30:54","modified_gmt":"2019-05-07T19:30:54","slug":"turquie-erdogan-exige-et-obtient-lannulation-des-resultats-des-elections-municipales-distanbul","status":"publish","type":"post","link":"https:\/\/linitiative.ca\/International\/turquie-erdogan-exige-et-obtient-lannulation-des-resultats-des-elections-municipales-distanbul\/","title":{"rendered":"Turquie\u00a0: Erdogan exige et obtient l\u2019annulation des r\u00e9sultats des \u00e9lections municipales d\u2019Istanbul"},"content":{"rendered":"<div class=\"post-cont-in left relative\">\n<p>L\u2019instance ind\u00e9pendante des \u00e9lections turques a d\u00e9cid\u00e9, sur demande expresse du pr\u00e9sident islamiste Erdogan, dont le parti vient de perdre les \u00e9lections dans les deux plus grandes villes du pays, Istanbul et Ankara.<\/p>\n<p>L\u2019instance a d\u00e9cid\u00e9 l\u2019annulation de la victoire du candidat du parti d\u2019opposition, face \u00e0 celui d\u2019Erdogan, avec 7 voix contre 4.<\/p>\n<div class=\"code-block code-block-1 c3\"><ins class=\"adsbygoogle c2\" data-ad-layout=\"in-article\" data-ad-format=\"fluid\" data-ad-client=\"ca-pub-2102118777505746\" data-ad-slot=\"7301775417\"\/> <\/div>\n<p>L\u2019instance a d\u00e9cid\u00e9 de refaire les \u00e9lections \u00e0 la fin du mois de juin prochain.<\/p>\n<div class=\"mvp-org-wrap mvp-org-logo\" itemprop=\"publisher\" itemscope=\"\" itemtype=\"https:\/\/schema.org\/Organization\"><img decoding=\"async\" src=\"https:\/\/www.tunisienumerique.com\/wp-content\/uploads\/2017\/02\/logo_tunisie_numerique.png\"\/><\/div>\n<div class=\"mvp-related-posts left relative\">\n<h4 class=\"post-header\"><span class=\"post-header\">Lire aussi<\/span><\/h4>\n<\/div>\n<\/div>\n<p>Auteur: LM<br \/>\n<a href=\"https:\/\/www.tunisienumerique.com\/turquie-erdogan-exige-et-obtient-lannulation-des-resultats-des-elections-municipales-distanbul\/\">Cliquez ici pour lire l&rsquo;article depuis sa source.<\/a><\/p>\n","protected":false},"excerpt":{"rendered":"<p>L\u2019instance ind\u00e9pendante des \u00e9lections turques a d\u00e9cid\u00e9, sur demande expresse du pr\u00e9sident islamiste Erdogan, dont le parti vient de perdre les \u00e9lections dans les deux plus grandes villes du pays, Istanbul et Ankara. L\u2019instance a d\u00e9cid\u00e9 l\u2019annulation de la victoire du candidat du parti d\u2019opposition, face \u00e0 celui d\u2019Erdogan, avec 7 voix contre 4. L\u2019instance [&hellip;]<\/p>\n","protected":false},"author":1789,"featured_media":32853,"comment_status":"closed","ping_status":"closed","sticky":false,"template":"","format":"standard","meta":{"fifu_image_url":"","fifu_image_alt":"","footnotes":""},"categories":[73,55],"tags":[],"class_list":["post-32852","post","type-post","status-publish","format-standard","has-post-thumbnail","hentry","category-actualite","category-tunisie"],"_links":{"self":[{"href":"https:\/\/linitiative.ca\/International\/wp-json\/wp\/v2\/posts\/32852","targetHints":{"allow":["GET"]}}],"collection":[{"href":"https:\/\/linitiative.ca\/International\/wp-json\/wp\/v2\/posts"}],"about":[{"href":"https:\/\/linitiative.ca\/International\/wp-json\/wp\/v2\/types\/post"}],"author":[{"embeddable":true,"href":"https:\/\/linitiative.ca\/International\/wp-json\/wp\/v2\/users\/1789"}],"replies":[{"embeddable":true,"href":"https:\/\/linitiative.ca\/International\/wp-json\/wp\/v2\/comments?post=32852"}],"version-history":[{"count":0,"href":"https:\/\/linitiative.ca\/International\/wp-json\/wp\/v2\/posts\/32852\/revisions"}],"wp:featuredmedia":[{"embeddable":true,"href":"https:\/\/linitiative.ca\/International\/wp-json\/"}],"wp:attachment":[{"href":"https:\/\/linitiative.ca\/International\/wp-json\/wp\/v2\/media?parent=32852"}],"wp:term":[{"taxonomy":"category","embeddable":true,"href":"https:\/\/linitiative.ca\/International\/wp-json\/wp\/v2\/categories?post=32852"},{"taxonomy":"post_tag","embeddable":true,"href":"https:\/\/linitiative.ca\/International\/wp-json\/wp\/v2\/tags?post=32852"}],"curies":[{"name":"wp","href":"https:\/\/api.w.org\/{rel}","templated":true}]}}