{"id":32854,"date":"2019-05-07T15:40:09","date_gmt":"2019-05-07T19:40:09","guid":{"rendered":"https:\/\/linitiative.ca\/International\/tunisie-sfax-la-police-opere-une-rafle-sur-les-cafes-ouverts-en-journee\/"},"modified":"2019-05-07T15:40:09","modified_gmt":"2019-05-07T19:40:09","slug":"tunisie-sfax-la-police-opere-une-rafle-sur-les-cafes-ouverts-en-journee","status":"publish","type":"post","link":"https:\/\/linitiative.ca\/International\/tunisie-sfax-la-police-opere-une-rafle-sur-les-cafes-ouverts-en-journee\/","title":{"rendered":"Tunisie \u2013 Sfax\u00a0: La police op\u00e8re une rafle sur les caf\u00e9s ouverts en journ\u00e9e"},"content":{"rendered":"<div class=\"post-cont-in left relative\">\n<p>Les agents de police du district de Sfax ont op\u00e9r\u00e9, hier lundi, le premier jour de Ramadan, des rafles sur les caf\u00e9s ouverts en journ\u00e9e.<\/p>\n<p>Le nombre de caf\u00e9s ouverts et les mesures prises contre leurs propri\u00e9taires n\u2019ont pas \u00e9t\u00e9 annonc\u00e9s, par contre la police a annonc\u00e9 que cette op\u00e9ration a permis l\u2019arrestation de huit personnes, dont une faisant l\u2019objet de plusieurs mandats d\u2019amener.<\/p>\n<div class=\"code-block code-block-1 c3\"><ins class=\"adsbygoogle c2\" data-ad-layout=\"in-article\" data-ad-format=\"fluid\" data-ad-client=\"ca-pub-2102118777505746\" data-ad-slot=\"7301775417\"\/> <\/div>\n<div class=\"mvp-org-wrap mvp-org-logo\" itemprop=\"publisher\" itemscope=\"\" itemtype=\"https:\/\/schema.org\/Organization\"><img decoding=\"async\" src=\"https:\/\/www.tunisienumerique.com\/wp-content\/uploads\/2017\/02\/logo_tunisie_numerique.png\"\/><\/div>\n<div class=\"mvp-related-posts left relative\">\n<h4 class=\"post-header\"><span class=\"post-header\">Lire aussi<\/span><\/h4>\n<\/div>\n<\/div>\n<p>Auteur: LM<br \/>\n<a href=\"https:\/\/www.tunisienumerique.com\/tunisie-sfax-la-police-opere-une-rafle-sur-les-cafes-ouverts-en-journee\/\">Cliquez ici pour lire l&rsquo;article depuis sa source.<\/a><\/p>\n","protected":false},"excerpt":{"rendered":"<p>Les agents de police du district de Sfax ont op\u00e9r\u00e9, hier lundi, le premier jour de Ramadan, des rafles sur les caf\u00e9s ouverts en journ\u00e9e. Le nombre de caf\u00e9s ouverts et les mesures prises contre leurs propri\u00e9taires n\u2019ont pas \u00e9t\u00e9 annonc\u00e9s, par contre la police a annonc\u00e9 que cette op\u00e9ration a permis l\u2019arrestation de huit [&hellip;]<\/p>\n","protected":false},"author":1789,"featured_media":32855,"comment_status":"closed","ping_status":"closed","sticky":false,"template":"","format":"standard","meta":{"fifu_image_url":"","fifu_image_alt":"","footnotes":""},"categories":[73,55],"tags":[],"class_list":["post-32854","post","type-post","status-publish","format-standard","has-post-thumbnail","hentry","category-actualite","category-tunisie"],"_links":{"self":[{"href":"https:\/\/linitiative.ca\/International\/wp-json\/wp\/v2\/posts\/32854","targetHints":{"allow":["GET"]}}],"collection":[{"href":"https:\/\/linitiative.ca\/International\/wp-json\/wp\/v2\/posts"}],"about":[{"href":"https:\/\/linitiative.ca\/International\/wp-json\/wp\/v2\/types\/post"}],"author":[{"embeddable":true,"href":"https:\/\/linitiative.ca\/International\/wp-json\/wp\/v2\/users\/1789"}],"replies":[{"embeddable":true,"href":"https:\/\/linitiative.ca\/International\/wp-json\/wp\/v2\/comments?post=32854"}],"version-history":[{"count":0,"href":"https:\/\/linitiative.ca\/International\/wp-json\/wp\/v2\/posts\/32854\/revisions"}],"wp:featuredmedia":[{"embeddable":true,"href":"https:\/\/linitiative.ca\/International\/wp-json\/"}],"wp:attachment":[{"href":"https:\/\/linitiative.ca\/International\/wp-json\/wp\/v2\/media?parent=32854"}],"wp:term":[{"taxonomy":"category","embeddable":true,"href":"https:\/\/linitiative.ca\/International\/wp-json\/wp\/v2\/categories?post=32854"},{"taxonomy":"post_tag","embeddable":true,"href":"https:\/\/linitiative.ca\/International\/wp-json\/wp\/v2\/tags?post=32854"}],"curies":[{"name":"wp","href":"https:\/\/api.w.org\/{rel}","templated":true}]}}