{"id":32860,"date":"2019-05-07T16:06:09","date_gmt":"2019-05-07T20:06:09","guid":{"rendered":"https:\/\/linitiative.ca\/International\/tournee-europeenne-de-fayez-al-sarraj-le-jeu-en-valait-la-chandelle\/"},"modified":"2019-05-07T16:06:09","modified_gmt":"2019-05-07T20:06:09","slug":"tournee-europeenne-de-fayez-al-sarraj-le-jeu-en-valait-la-chandelle","status":"publish","type":"post","link":"https:\/\/linitiative.ca\/International\/tournee-europeenne-de-fayez-al-sarraj-le-jeu-en-valait-la-chandelle\/","title":{"rendered":"TOURNEE EUROPEENNE DE FAYEZ-AL SARRAJ  : Le jeu en valait la chandelle"},"content":{"rendered":"<header>\n<\/header>\n<div class=\"entry-content clearfix\" readability=\"69\"><img decoding=\"async\" class=\"post_layout_5_img\" src=\"http:\/\/lepays.bf\/wp-content\/uploads\/2019\/05\/LYBIE-.jpg\" alt=\"TOURNEE EUROPEENNE DE FAYEZ-AL SARRAJ : Le jeu en valait la chandelle\"\/><\/p>\n<p class=\"c4\"><em>Alors que les armes continuent de cr\u00e9piter autour de Tripoli, le Premier ministre libyen, Fayez-al Sarraj, vient d\u2019entamer une mini-tourn\u00e9e diplomatique en Europe. En effet, apr\u00e8s l\u2019Italie o\u00f9 il a rencontr\u00e9, hier, 7 mai 2019, le chef du gouvernement, Guiseppe Conte, il s\u2019est envol\u00e9 pour Paris o\u00f9 il sera re\u00e7u \u00e0 l\u2019Elys\u00e9e par le pr\u00e9sident Emmanuel Macron. Mais qu\u2019est-ce qui fait courir tant le chef du gouvernement libyen d\u2019union nationale\u00a0? La r\u00e9ponse est simple. L\u2019homme est \u00e0 la recherche de soutiens, surtout quand on sait que le mar\u00e9chal Khabifa Haftar est rest\u00e9 sourd \u00e0 tous les appels de la communaut\u00e9 internationale et tient mordicus \u00e0 conqu\u00e9rir Tripoli et ce, en d\u00e9pit de la farouche r\u00e9sistance que rencontrent ses troupes sur le train. Pour ce faire, Fayez-al-Sarraj entend alerter les partenaires europ\u00e9ens sur les cons\u00e9quences dramatiques inh\u00e9rentes \u00e0 l\u2019offensive de l\u2019ex-ministre de la D\u00e9fense de Mouammar Kadhafi, lanc\u00e9e depuis le 4 avril dernier. C\u2019est de bonne guerre quand on sait que peu avant le lancement de son offensive sur Tripoli, Khalifa Haftar avait \u00e9galement effectu\u00e9 une visite aussi bien en Europe qu\u2019en Afrique, sans doute aussi \u00e0 la recherche de soutiens. Le jeu en valait donc la chandelle. En tout cas, la tourn\u00e9e europ\u00e9enne du Premier ministre libyen s\u2019imposait d\u2019autant qu\u2019apr\u00e8s l\u2019offensive sur Tripoli, certaines puissances avaient \u00e9t\u00e9 accus\u00e9es de rouler pour Haftar.<\/em><\/p>\n<p><strong>La visite de Sarraj permettra de d\u00e9crisper l\u2019atmosph\u00e8re entre Paris et Tripoli<\/strong><\/p>\n<p class=\"c4\"><em>En dehors de l\u2019Italie qui propose une solution politique \u00e0 la crise et qui promet de rencontrer Haftar dans les tout prochains jours, bien des pays faisaient l\u2019objet de critiques. C\u2019est le cas, par exemple, de la France que les autorit\u00e9s de Tripoli avaient ouvertement accus\u00e9e de soutenir \u00ab\u00a0le criminel Haftar\u00a0\u00bb\u00a0; ce qui avait valu la suspension des accords s\u00e9curitaires entre les deux pays. \u00ab\u00a0La France soutient le gouvernement l\u00e9gitime du Premier ministre Fayez-al-Sarraj et la m\u00e9diation de l\u2019ONU pour une solution politique inclusive en Libye\u00a0\u00bb, avait pourtant r\u00e9pondu Paris qui pr\u00e9cise cependant n\u2019avoir jamais cach\u00e9 son soutien au mar\u00e9chal Haftar dans le cadre de la lutte antiterroriste et non dans l\u2019offensive qu\u2019il m\u00e8ne sur Tripoli. C\u2019est dire donc que la visite de Sarraj permettra, du moins on l\u2019esp\u00e8re, de d\u00e9crisper l\u2019atmosph\u00e8re entre Paris et Tripoli. Ce serait l\u2019occasion de faire le \u00ab\u00a0point de la situation s\u00e9curitaire et militaire\u00a0\u00bb en Libye. Aussi, des initiatives pourraient-elles \u00eatre prises pour d\u00e9canter la situation \u00ab\u00a0fig\u00e9e sur le terrain\u00a0\u00bb avec des combats qui continuent de faire rage. En tout cas, les Occidentaux, du fait de leurs int\u00e9r\u00eats, sont tellement divis\u00e9s sur le dossier libyen que l\u2019on ne voit pas poindre la moindre lueur d\u2019espoir de sortie de crise. Bien au contraire\u00a0!<\/em><\/p>\n<p><strong>B. O<\/strong><\/p>\n<\/div>\n<p>Auteur: Le Pays<br \/>\n<a href=\"http:\/\/lepays.bf\/tournee-europeenne-de-fayez-al-sarraj-le-jeu-en-valait-la-chandelle\/\">Cliquez ici pour lire l&rsquo;article depuis sa source.<\/a><\/p>\n","protected":false},"excerpt":{"rendered":"<p>Alors que les armes continuent de cr\u00e9piter autour de Tripoli, le Premier ministre libyen, Fayez-al Sarraj, vient d\u2019entamer une mini-tourn\u00e9e diplomatique en Europe. En effet, apr\u00e8s l\u2019Italie o\u00f9 il a rencontr\u00e9, hier, 7 mai 2019, le chef du gouvernement, Guiseppe Conte, il s\u2019est envol\u00e9 pour Paris o\u00f9 il sera re\u00e7u \u00e0 l\u2019Elys\u00e9e par le pr\u00e9sident [&hellip;]<\/p>\n","protected":false},"author":1813,"featured_media":32861,"comment_status":"closed","ping_status":"closed","sticky":false,"template":"","format":"standard","meta":{"fifu_image_url":"","fifu_image_alt":"","footnotes":""},"categories":[73,81],"tags":[],"class_list":["post-32860","post","type-post","status-publish","format-standard","has-post-thumbnail","hentry","category-actualite","category-burkina-faso"],"_links":{"self":[{"href":"https:\/\/linitiative.ca\/International\/wp-json\/wp\/v2\/posts\/32860","targetHints":{"allow":["GET"]}}],"collection":[{"href":"https:\/\/linitiative.ca\/International\/wp-json\/wp\/v2\/posts"}],"about":[{"href":"https:\/\/linitiative.ca\/International\/wp-json\/wp\/v2\/types\/post"}],"author":[{"embeddable":true,"href":"https:\/\/linitiative.ca\/International\/wp-json\/wp\/v2\/users\/1813"}],"replies":[{"embeddable":true,"href":"https:\/\/linitiative.ca\/International\/wp-json\/wp\/v2\/comments?post=32860"}],"version-history":[{"count":0,"href":"https:\/\/linitiative.ca\/International\/wp-json\/wp\/v2\/posts\/32860\/revisions"}],"wp:featuredmedia":[{"embeddable":true,"href":"https:\/\/linitiative.ca\/International\/wp-json\/"}],"wp:attachment":[{"href":"https:\/\/linitiative.ca\/International\/wp-json\/wp\/v2\/media?parent=32860"}],"wp:term":[{"taxonomy":"category","embeddable":true,"href":"https:\/\/linitiative.ca\/International\/wp-json\/wp\/v2\/categories?post=32860"},{"taxonomy":"post_tag","embeddable":true,"href":"https:\/\/linitiative.ca\/International\/wp-json\/wp\/v2\/tags?post=32860"}],"curies":[{"name":"wp","href":"https:\/\/api.w.org\/{rel}","templated":true}]}}