{"id":32863,"date":"2019-05-07T16:26:34","date_gmt":"2019-05-07T20:26:34","guid":{"rendered":"https:\/\/linitiative.ca\/International\/lutte-contre-la-malnutrition-au-burkina-faso-plaidoyer-pour-une-coordination-presidentielle\/"},"modified":"2019-05-07T16:26:34","modified_gmt":"2019-05-07T20:26:34","slug":"lutte-contre-la-malnutrition-au-burkina-faso-plaidoyer-pour-une-coordination-presidentielle","status":"publish","type":"post","link":"https:\/\/linitiative.ca\/International\/lutte-contre-la-malnutrition-au-burkina-faso-plaidoyer-pour-une-coordination-presidentielle\/","title":{"rendered":"Lutte contre la malnutrition au Burkina Faso : plaidoyer pour une coordination pr\u00e9sidentielle"},"content":{"rendered":"<div class=\"td-post-featured-image\"><a href=\"https:\/\/i1.wp.com\/www.sidwaya.info\/wp-content\/uploads\/2019\/05\/1-11.jpg?fit=595%2C397&#038;ssl=1\" data-caption=\"\"><img loading=\"lazy\" decoding=\"async\" width=\"595\" height=\"397\" class=\"entry-thumb td-modal-image\" src=\"https:\/\/i1.wp.com\/www.sidwaya.info\/wp-content\/uploads\/2019\/05\/1-11.jpg?resize=595%2C397&#038;ssl=1\" srcset=\"https:\/\/i1.wp.com\/www.sidwaya.info\/wp-content\/uploads\/2019\/05\/1-11.jpg?w=595&#038;ssl=1 595w, https:\/\/i1.wp.com\/www.sidwaya.info\/wp-content\/uploads\/2019\/05\/1-11.jpg?resize=300%2C200&#038;ssl=1 300w\" sizes=\"auto, (max-width: 595px) 100vw, 595px\" alt=\"\" title=\"1\"\/><\/a><\/div>\n<div class=\"td-a-rec td-a-rec-id-content_top td_uid_30_5cd1fc268532a_rand td_block_template_1\"><img loading=\"lazy\" decoding=\"async\" class=\"aligncenter size-full wp-image-4463\" src=\"https:\/\/www.sidwaya.info\/wp-content\/uploads\/2019\/02\/FESPACO-TOUR-2019-Bannie%CC%80re-728x90-1.jpg\" alt=\"\" width=\"728\" height=\"90\"\/><\/div>\n<p><strong>Le pr\u00e9sident du Faso, Roch Marc Christian Kabor\u00e9, a re\u00e7u en audience, le mardi 30 avril 2019 \u00e0 Ouagadougou, la coordonnatrice du Mouvement de renforcement de la nutrition (SUN), Gerda Verburg, par ailleurs sous-Secr\u00e9taire g\u00e9n\u00e9rale des Nations unies.<\/strong><\/p>\n<p>Le Mouvement de renforcement de la nutrition (SUN) souhaite que le pr\u00e9sident du Faso, Roch Marc Christian Kabor\u00e9, assure la coordination de toutes les actions de lutte contre la malnutrition au Burkina Faso. En visite de travail de 72H au pays des Hommes int\u00e8gres, la coordonnatrice du mouvement, Gerda Verburg, par ailleurs sous-Secr\u00e9taire g\u00e9n\u00e9rale des Nations unies, l\u2019a signifi\u00e9 au chef de l\u2019Etat, au cours d\u2019une audience, le mardi 30 avril 2019. A l\u2019\u00e9couter, le minist\u00e8re de la Sant\u00e9, le point focal du SUN, la soci\u00e9t\u00e9 civile, les acteurs priv\u00e9s, les Nations unies, les parlementaires, les journalistes, les donateurs, les chercheurs m\u00e8nent des efforts pour \u00e9radiquer toutes les formes de malnutrition au Burkina. \u00abMais, il y a un besoin de coordination des activit\u00e9s pour plus d\u2019efficacit\u00e9. C\u2019est pourquoi, nous avons demand\u00e9 au Pr\u00e9sident du Faso d\u2019utiliser sa position, son leadership et sa qualit\u00e9 d\u2019ambassadeur de la nutrition pour le continent africain pour mener cette coordination\u00bb, a-t-elle soutenu.<\/p>\n<p>La question du nombre important des acteurs et de la multiplication des programmes dans le domaine a aussi \u00e9t\u00e9 \u00e9voqu\u00e9e, selon elle. \u00abC\u2019est une bonne chose, mais il faut de la coh\u00e9rence. Nous pensons qu\u2019une bonne coordination entre les diff\u00e9rents secteurs, mais aussi les acteurs peut mettre fin \u00e0 la malnutrition\u00bb, a-t-elle d\u00e9clar\u00e9. Elle a, en outre, inform\u00e9 que les \u00e9changes ont \u00e9galement port\u00e9 sur la n\u00e9cessit\u00e9 d\u2019associer les minist\u00e8res en charge de l\u2019agriculture, de la protection sociale, de la famille, du genre, de la femme, de l\u2019\u00e9ducation, de l\u2019eau et de l\u2019assainissement et des finances \u00e0 celui de la Sant\u00e9 dans le combat contre la malnutrition pour de meilleurs r\u00e9sultats. \u00abLe Pr\u00e9sident du Faso a r\u00e9agi de mani\u00e8re tr\u00e8s positive. Il s\u2019est engag\u00e9 \u00e0 nommer un point focal dans son \u00e9quipe pour le soutenir dans ses efforts de coordination bien qu\u2019il en gardera les reines\u00bb, s\u2019est-elle r\u00e9jouie. Elle a exprim\u00e9 la gratitude du mouvement SUN \u00e0 l\u2019endroit du Pr\u00e9sident du Faso qui, \u00abmalgr\u00e9 l\u2019\u00e9mergence de nouvelles priorit\u00e9s, notamment s\u00e9curitaires, ne perd pas de vue l\u2019importance de la nutrition\u00bb.<\/p>\n<p>Le mouvement SUN est pr\u00e9sent dans 60 pays du monde dont le Burkina Faso depuis 2011. Il r\u00e9unit diff\u00e9rents groupes de parties prenantes, \u00e0 savoir les gouvernements, la soci\u00e9t\u00e9 civile, les Nations unies, les donateurs, les entreprises et les scientifiques. Il ambitionne garantir d\u2019ici \u00e0 2030, un monde d\u00e9nu\u00e9 de faim.<\/p>\n<p class=\"c1\"><strong>Eliane SOME<\/strong><br \/><strong>elianesome4@gmail.com<\/strong><\/p>\n<div class=\"td-a-rec td-a-rec-id-content_bottom td_uid_31_5cd1fc2685598_rand td_block_template_1\"><img loading=\"lazy\" decoding=\"async\" class=\"alignright size-full wp-image-1724\" src=\"https:\/\/www.sidwaya.info\/wp-content\/uploads\/2018\/12\/sidwaya-pub.jpg\" alt=\"\" width=\"720\" height=\"90\"\/><\/div>\n<p>Auteur: DD. Sidwaya<br \/>\n<a href=\"https:\/\/www.sidwaya.info\/blog\/2019\/05\/07\/lutte-contre-la-malnutrition-au-burkina-faso-plaidoyer-pour-une-coordination-presidentielle\/\">Cliquez ici pour lire l&rsquo;article depuis sa source.<\/a><\/p>\n","protected":false},"excerpt":{"rendered":"<p>Le pr\u00e9sident du Faso, Roch Marc Christian Kabor\u00e9, a re\u00e7u en audience, le mardi 30 avril 2019 \u00e0 Ouagadougou, la coordonnatrice du Mouvement de renforcement de la nutrition (SUN), Gerda Verburg, par ailleurs sous-Secr\u00e9taire g\u00e9n\u00e9rale des Nations unies. Le Mouvement de renforcement de la nutrition (SUN) souhaite que le pr\u00e9sident du Faso, Roch Marc Christian [&hellip;]<\/p>\n","protected":false},"author":1816,"featured_media":0,"comment_status":"closed","ping_status":"closed","sticky":false,"template":"","format":"standard","meta":{"fifu_image_url":"","fifu_image_alt":"","footnotes":""},"categories":[73,81],"tags":[],"class_list":["post-32863","post","type-post","status-publish","format-standard","hentry","category-actualite","category-burkina-faso"],"_links":{"self":[{"href":"https:\/\/linitiative.ca\/International\/wp-json\/wp\/v2\/posts\/32863","targetHints":{"allow":["GET"]}}],"collection":[{"href":"https:\/\/linitiative.ca\/International\/wp-json\/wp\/v2\/posts"}],"about":[{"href":"https:\/\/linitiative.ca\/International\/wp-json\/wp\/v2\/types\/post"}],"author":[{"embeddable":true,"href":"https:\/\/linitiative.ca\/International\/wp-json\/wp\/v2\/users\/1816"}],"replies":[{"embeddable":true,"href":"https:\/\/linitiative.ca\/International\/wp-json\/wp\/v2\/comments?post=32863"}],"version-history":[{"count":0,"href":"https:\/\/linitiative.ca\/International\/wp-json\/wp\/v2\/posts\/32863\/revisions"}],"wp:attachment":[{"href":"https:\/\/linitiative.ca\/International\/wp-json\/wp\/v2\/media?parent=32863"}],"wp:term":[{"taxonomy":"category","embeddable":true,"href":"https:\/\/linitiative.ca\/International\/wp-json\/wp\/v2\/categories?post=32863"},{"taxonomy":"post_tag","embeddable":true,"href":"https:\/\/linitiative.ca\/International\/wp-json\/wp\/v2\/tags?post=32863"}],"curies":[{"name":"wp","href":"https:\/\/api.w.org\/{rel}","templated":true}]}}