{"id":32864,"date":"2019-05-07T16:36:28","date_gmt":"2019-05-07T20:36:28","guid":{"rendered":"https:\/\/linitiative.ca\/International\/journees-culturelles-de-la-commune-de-boromo-faire-de-la-culture-un-vaccin-contre-les-conflits-intercommunautairesjournees-culturelles-de-la-commune-de-boromo-faire-de-la-culture-un\/"},"modified":"2019-05-07T16:36:28","modified_gmt":"2019-05-07T20:36:28","slug":"journees-culturelles-de-la-commune-de-boromo-faire-de-la-culture-un-vaccin-contre-les-conflits-intercommunautairesjournees-culturelles-de-la-commune-de-boromo-faire-de-la-culture-un","status":"publish","type":"post","link":"https:\/\/linitiative.ca\/International\/journees-culturelles-de-la-commune-de-boromo-faire-de-la-culture-un-vaccin-contre-les-conflits-intercommunautairesjournees-culturelles-de-la-commune-de-boromo-faire-de-la-culture-un\/","title":{"rendered":"Journ\u00e9es culturelles de la commune de Boromo Faire de la culture un \u00abvaccin\u00bb contre  les conflits intercommunautairesJourn\u00e9es culturelles de la commune de Boromo : faire de la culture un \u00abvaccin\u00bb contre  les conflits intercommunautaires"},"content":{"rendered":"<div class=\"td-post-featured-image\"><a href=\"https:\/\/i1.wp.com\/www.sidwaya.info\/wp-content\/uploads\/2019\/05\/1-12.jpg?fit=728%2C529&#038;ssl=1\" data-caption=\"\"><img loading=\"lazy\" decoding=\"async\" width=\"696\" height=\"506\" class=\"entry-thumb td-modal-image\" src=\"https:\/\/i1.wp.com\/www.sidwaya.info\/wp-content\/uploads\/2019\/05\/1-12.jpg?resize=696%2C506&#038;ssl=1\" srcset=\"https:\/\/i1.wp.com\/www.sidwaya.info\/wp-content\/uploads\/2019\/05\/1-12.jpg?w=728&#038;ssl=1 728w, https:\/\/i1.wp.com\/www.sidwaya.info\/wp-content\/uploads\/2019\/05\/1-12.jpg?resize=300%2C218&#038;ssl=1 300w, https:\/\/i1.wp.com\/www.sidwaya.info\/wp-content\/uploads\/2019\/05\/1-12.jpg?resize=324%2C235&#038;ssl=1 324w, https:\/\/i1.wp.com\/www.sidwaya.info\/wp-content\/uploads\/2019\/05\/1-12.jpg?resize=696%2C506&#038;ssl=1 696w, https:\/\/i1.wp.com\/www.sidwaya.info\/wp-content\/uploads\/2019\/05\/1-12.jpg?resize=578%2C420&#038;ssl=1 578w\" sizes=\"auto, (max-width: 696px) 100vw, 696px\" alt=\"\" title=\"1\"\/><\/a><\/div>\n<div class=\"td-a-rec td-a-rec-id-content_top td_uid_30_5cd1fc2a17dd9_rand td_block_template_1\"><img loading=\"lazy\" decoding=\"async\" class=\"aligncenter size-full wp-image-4463\" src=\"https:\/\/www.sidwaya.info\/wp-content\/uploads\/2019\/02\/FESPACO-TOUR-2019-Bannie%CC%80re-728x90-1.jpg\" alt=\"\" width=\"728\" height=\"90\"\/><\/div>\n<p><strong>La 2e \u00e9dition des journ\u00e9es culturelles de la commune de Boromo se sont d\u00e9roul\u00e9es, du 2 au 4 mai 2019 dans ladite commune. Cette \u00e9dition a \u00e9t\u00e9 parrain\u00e9e par le Pr\u00e9sident-directeur g\u00e9n\u00e9ral (P-DG) du groupe \u00abImmobilier de A \u00e0 Z\u00bb (IMAZ), Souleymane Guira.<\/strong><\/p>\n<p>La ville de Boromo a vibr\u00e9, du 2 au 4 mai 2019, au rythme de la culture locale. C\u2019\u00e9tait \u00e0 l\u2019occasion de la deuxi\u00e8me \u00e9dition des journ\u00e9es culturelles de la commune, organis\u00e9es par le conseil municipal, avec l\u2019appui de la Direction provinciale de la culture, des arts, et du tourisme. Cette ann\u00e9e, le th\u00e8me choisi est \u00abR\u00f4le de la culture dans la pr\u00e9vention des conflits intercommunautaires\u00bb.<\/p>\n<p>Un th\u00e8me qui, \u00e0 \u00e9couter le maire de Boromo, Adama Yao, est d\u2019actualit\u00e9, vue les conflits entre communaut\u00e9s qui se vivent \u00e7a et l\u00e0 \u00e0 travers le pays. Dans son discours d\u2019ouverture, le maire a dit \u00eatre convaincu que la culture est la base du d\u00e9veloppement d\u2019un pays. C\u2019est donc conscient de ce fait, a-t-il poursuivi, que l\u2019autorit\u00e9 communale a fait de la valorisation de la culture, une priorit\u00e9 \u00e0 travers l\u2019organisation de ces journ\u00e9es. Adama Yao a en outre confi\u00e9 que la pr\u00e9sente \u00e9dition a connu d\u2019importantes innovations. Il a cit\u00e9, entre autres, l\u2019instauration d\u2019un th\u00e8me, l\u2019\u00e9rection d\u2019un village communautaire, l\u2019organisation d\u2019un concours de lutte traditionnelle, et d\u2019un plateau musical.<\/p>\n<p>Le pr\u00e9sident du comit\u00e9 d\u2019organisation, le Directeur provincial de la culture des arts et du tourisme, Ayouba Zongo, a quant \u00e0 lui, d\u00e9roul\u00e9 le programme de l\u2019\u00e9v\u00e8nement. A l\u2019\u00e9couter, il y est inscrit des prestations de masques, une comp\u00e9tition de lutte, une comp\u00e9tition en art culinaire, un village communautaire. A ces activit\u00e9s s\u2019est ajout\u00e9 un plateau musical anim\u00e9 chaque soir par des artistes de Boromo et des troupes traditionnelles.<\/p>\n<p><strong>Une \u00abmini-ville moderne\u00bb pour Boromo<\/strong><\/p>\n<p>La c\u00e9r\u00e9monie d\u2019ouverture a \u00e9t\u00e9 parrain\u00e9e par le Pr\u00e9sident-directeur g\u00e9n\u00e9ral (P-DG) de l\u2019agence \u00abImmobilier de A \u00e0 Z\u00bb (IMAZ), Souleymane Guira, qui s\u2019est fait repr\u00e9senter par la secr\u00e9taire g\u00e9n\u00e9rale du groupe, Korotimi Lou\u00e9. Pour Mme Lou\u00e9, en plus d\u2019\u00eatre une grande richesse pour le pays, la culture peux \u00eatre le socle d\u2019une coh\u00e9sion sociale. Elle a alors salu\u00e9 l\u2019initiative de ces journ\u00e9es par le conseil municipal.<\/p>\n<p>La repr\u00e9sentante du PDG a profit\u00e9 de l\u2019occasion pour rappeler que IMAZ a un projet de \u00abmini-ville moderne\u00bb pour Boromo. A travers ce projet immobilier, a laiss\u00e9 entendre Korotimi Lou\u00e9, IMAZ \u00abveut redorer l\u2019image de cette ville-carrefour qui commence \u00e0 sombrer\u00bb. \u00abIMAZ a besoin de votre soutien pour faire rayonner cette ville\u00bb, a-t-elle lanc\u00e9. Le groupe a par ailleurs, en marge des journ\u00e9es culturelles, visit\u00e9 son nouveau site situ\u00e9 \u00e0 une dizaine de kilom\u00e8tres du centre-ville de Boromo. La visite a \u00e9t\u00e9 conduite par le directeur des op\u00e9rations de l\u2019agence, Gaoussou Sow. A en croire M. Sow, 180 hectares (ha) ont \u00e9t\u00e9 acquis sur ce site. A ce jour, 100 ha sont en train d\u2019\u00eatre am\u00e9nag\u00e9s, et l\u2019heure est au terrassement et d\u00e9blaiement des lieux.<\/p>\n<p>Selon le directeur des op\u00e9rations, le choix de s\u2019installer \u00e0 Boromo est parti du constat que le probl\u00e8me d\u2019acc\u00e8s au logement s\u2019y pose avec acuit\u00e9, notamment pour la diaspora. Gaoussou Sow a en outre indiqu\u00e9 que d\u00e8s \u00e0 pr\u00e9sent, la souscription est ouverte \u00e0 toutes les couches sociales. IMAZ, en rappel, a aussi des sites \u00e0 Ouagadougou et Bobo-Dioulasso.<\/p>\n<p class=\"c1\"><strong>Alpha S\u00e9kou BARRY<\/strong><\/p>\n<div class=\"td-a-rec td-a-rec-id-content_bottom td_uid_31_5cd1fc2a1801c_rand td_block_template_1\"><img loading=\"lazy\" decoding=\"async\" class=\"alignright size-full wp-image-1724\" src=\"https:\/\/www.sidwaya.info\/wp-content\/uploads\/2018\/12\/sidwaya-pub.jpg\" alt=\"\" width=\"720\" height=\"90\"\/><\/div>\n<p>Auteur: DD. Sidwaya<br \/>\n<a href=\"https:\/\/www.sidwaya.info\/blog\/2019\/05\/07\/journees-culturelles-de-la-commune-de-boromo-faire-de-la-culture-un-vaccin-contre-les-conflits-intercommunautairesjournees-culturelles-de-la-commune-de-boromo-faire-de-la-culture-un\/\">Cliquez ici pour lire l&rsquo;article depuis sa source.<\/a><\/p>\n","protected":false},"excerpt":{"rendered":"<p>La 2e \u00e9dition des journ\u00e9es culturelles de la commune de Boromo se sont d\u00e9roul\u00e9es, du 2 au 4 mai 2019 dans ladite commune. Cette \u00e9dition a \u00e9t\u00e9 parrain\u00e9e par le Pr\u00e9sident-directeur g\u00e9n\u00e9ral (P-DG) du groupe \u00abImmobilier de A \u00e0 Z\u00bb (IMAZ), Souleymane Guira. La ville de Boromo a vibr\u00e9, du 2 au 4 mai 2019, [&hellip;]<\/p>\n","protected":false},"author":1816,"featured_media":0,"comment_status":"closed","ping_status":"closed","sticky":false,"template":"","format":"standard","meta":{"fifu_image_url":"","fifu_image_alt":"","footnotes":""},"categories":[73,81],"tags":[],"class_list":["post-32864","post","type-post","status-publish","format-standard","hentry","category-actualite","category-burkina-faso"],"_links":{"self":[{"href":"https:\/\/linitiative.ca\/International\/wp-json\/wp\/v2\/posts\/32864","targetHints":{"allow":["GET"]}}],"collection":[{"href":"https:\/\/linitiative.ca\/International\/wp-json\/wp\/v2\/posts"}],"about":[{"href":"https:\/\/linitiative.ca\/International\/wp-json\/wp\/v2\/types\/post"}],"author":[{"embeddable":true,"href":"https:\/\/linitiative.ca\/International\/wp-json\/wp\/v2\/users\/1816"}],"replies":[{"embeddable":true,"href":"https:\/\/linitiative.ca\/International\/wp-json\/wp\/v2\/comments?post=32864"}],"version-history":[{"count":0,"href":"https:\/\/linitiative.ca\/International\/wp-json\/wp\/v2\/posts\/32864\/revisions"}],"wp:attachment":[{"href":"https:\/\/linitiative.ca\/International\/wp-json\/wp\/v2\/media?parent=32864"}],"wp:term":[{"taxonomy":"category","embeddable":true,"href":"https:\/\/linitiative.ca\/International\/wp-json\/wp\/v2\/categories?post=32864"},{"taxonomy":"post_tag","embeddable":true,"href":"https:\/\/linitiative.ca\/International\/wp-json\/wp\/v2\/tags?post=32864"}],"curies":[{"name":"wp","href":"https:\/\/api.w.org\/{rel}","templated":true}]}}