{"id":32866,"date":"2019-05-07T16:45:39","date_gmt":"2019-05-07T20:45:39","guid":{"rendered":"https:\/\/linitiative.ca\/International\/lutte-contre-le-terrorisme-lopposition-reclame-des-strategies-plus-elaborees\/"},"modified":"2019-05-07T16:45:39","modified_gmt":"2019-05-07T20:45:39","slug":"lutte-contre-le-terrorisme-lopposition-reclame-des-strategies-plus-elaborees","status":"publish","type":"post","link":"https:\/\/linitiative.ca\/International\/lutte-contre-le-terrorisme-lopposition-reclame-des-strategies-plus-elaborees\/","title":{"rendered":"Lutte contre le terrorisme : l\u2019opposition r\u00e9clame  des strat\u00e9gies \u00abplus \u00e9labor\u00e9es\u00bb"},"content":{"rendered":"<div class=\"td-post-featured-image\"><a href=\"https:\/\/i2.wp.com\/www.sidwaya.info\/wp-content\/uploads\/2019\/05\/1-14.jpg?fit=728%2C486&#038;ssl=1\" data-caption=\"\"><img loading=\"lazy\" decoding=\"async\" width=\"696\" height=\"465\" class=\"entry-thumb td-modal-image\" src=\"https:\/\/i2.wp.com\/www.sidwaya.info\/wp-content\/uploads\/2019\/05\/1-14.jpg?resize=696%2C465&#038;ssl=1\" srcset=\"https:\/\/i2.wp.com\/www.sidwaya.info\/wp-content\/uploads\/2019\/05\/1-14.jpg?w=728&#038;ssl=1 728w, https:\/\/i2.wp.com\/www.sidwaya.info\/wp-content\/uploads\/2019\/05\/1-14.jpg?resize=300%2C200&#038;ssl=1 300w, https:\/\/i2.wp.com\/www.sidwaya.info\/wp-content\/uploads\/2019\/05\/1-14.jpg?resize=696%2C465&#038;ssl=1 696w, https:\/\/i2.wp.com\/www.sidwaya.info\/wp-content\/uploads\/2019\/05\/1-14.jpg?resize=629%2C420&#038;ssl=1 629w\" sizes=\"auto, (max-width: 696px) 100vw, 696px\" alt=\"\" title=\"1\"\/><\/a><\/div>\n<div class=\"td-a-rec td-a-rec-id-content_top td_uid_30_5cd1fc31e45f9_rand td_block_template_1\"><img loading=\"lazy\" decoding=\"async\" class=\"aligncenter size-full wp-image-4463\" src=\"https:\/\/www.sidwaya.info\/wp-content\/uploads\/2019\/02\/FESPACO-TOUR-2019-Bannie%CC%80re-728x90-1.jpg\" alt=\"\" width=\"728\" height=\"90\"\/><\/div>\n<p><strong>L\u2019hebdomadaire conf\u00e9rence de presse de l\u2019opposition politique s\u2019est tenue, le mardi 7 mai 2019 au si\u00e8ge du Chef de file de l\u2019opposition politique (CFOP). Les nouvelles strat\u00e9gies des groupes terroristes, la remise \u00e0 plat des r\u00e9mun\u00e9rations et la fronde sociale \u00e9taient menu.<\/strong><\/p>\n<p>Les nouvelles strat\u00e9gies et modes op\u00e9ratoires des groupes terroristes qui s\u2019attaquent de plus en plus aux lieux de culte, font peser de graves menaces d\u2019une guerre religieuse sur le Burkina Faso. Telle est l\u2019inqui\u00e9tude exprim\u00e9e par l\u2019opposition politique au Burkina Faso, lors de sa traditionnelle conf\u00e9rence de presse tenue, le mardi 7 mai 2019 au si\u00e8ge du Chef de file de l\u2019opposition politique (CFOP-BF). Selon le pr\u00e9sident du Rassemblement des \u00e9cologistes du Burkina Faso (RDEBF), Adama S\u00e9r\u00e9, principal animateur de la rencontre avec la presse, avec l\u2019op\u00e9ration \u00abOtapuanu\u00bb, les Burkinab\u00e8 esp\u00e9raient une certaine accalmie sur le front de la lutte contre le terrorisme, mais les r\u00e9centes attaques prouvent que le \u00abserpent\u00bb n\u2019est pas mort. R\u00e9affirmant son soutien aux Forces de d\u00e9fense et de s\u00e9curit\u00e9 (FDS), le CFOP a interpell\u00e9 le gouvernement sur la n\u00e9cessit\u00e9 d\u2019imaginer des strat\u00e9gies plus \u00e9labor\u00e9es \u00e0 mettre en \u0153uvre afin de contrer les actions terroristes. Le front social en \u00e9bullition sans cesse, depuis ces derniers mois, s\u2019est invit\u00e9 dans les \u00e9changes avec les journalistes.<\/p>\n<p>Pour les opposants, c\u2019est la gestion \u00abapproximative\u00bb de la crise sociale et le manque de vision qui sont \u00e0 l\u2019origine de la situation actuelle. \u00abIl revient de fa\u00e7on r\u00e9p\u00e9titive au sein des syndicats, que le gouvernement ne respecte pas ses propres engagements. Il lui appartient de prouver sa bonne foi et de n\u00e9gocier avec sinc\u00e9rit\u00e9 plut\u00f4t que de chercher \u00e0 diviser les travailleurs\u00bb, a d\u00e9plor\u00e9 M. S\u00e9r\u00e9 qui avait \u00e0 ses c\u00f4t\u00e9s, le pr\u00e9sident du Mouvement panafricain du Faso (MPF), Achille Rawa Ou\u00e9draogo. Toujours sur les conditions de vie et de travail des fonctionnaires, les repr\u00e9sentants du CFOP sont revenus sur la conf\u00e9rence nationale sur le syst\u00e8me de r\u00e9mun\u00e9rations des agents publics de l\u2019Etat, tenue en juin 2018.<\/p>\n<p>\u00abL\u2019opposition avait relev\u00e9 le fait que cette conf\u00e9rence n\u2019avait pas pris en compte les observations formul\u00e9es par plusieurs syndicats importants et le fait que l\u2019instance r\u00e9unissait des gens qui n\u2019avaient aucune l\u00e9gitimit\u00e9 ou connaissance pour statuer sur les salaires des fonctionnaires\u00bb, a rappel\u00e9 Adama S\u00e9r\u00e9. Il a aussi fustig\u00e9 l\u2019attitude du gouvernement \u00e0 qui il reproche de continuer \u00e0 traiter les dossiers des revendications au cas par cas. Les drames des accidents de la circulation provoqu\u00e9s par les v\u00e9hicules poids lourds en violation des textes sur les heures de fr\u00e9quentation de la voie ont \u00e9galement retenu l\u2019attention du CFOP. \u00abLes autorit\u00e9s municipales font preuve de laxisme dans la gestion de cette affaire.<\/p>\n<p>Entre 5 h du matin et 20 h, il ne devrait pas avoir de gros porteurs en circulation sur les art\u00e8res de la capitale\u00bb, a indiqu\u00e9 le principal conf\u00e9rencier. Le CFOP a donc demand\u00e9 aux autorit\u00e9s comp\u00e9tentes de prendre toutes les mesures qui s\u2019imposent pour le respect strict des textes en vigueur sur la circulation routi\u00e8re. Les journalistes ont profit\u00e9 de cette sortie pour poser des questions li\u00e9es \u00e0 l\u2019actualit\u00e9 nationale. Dans un rapport conjoint, le Haut conseil pour la r\u00e9conciliation et l\u2019unit\u00e9 nationale (HCRUN) et la Commission nationale des droits humains (CNDH) ont point\u00e9 du doigt la responsabilit\u00e9 des Koglw\u00e9ogo dans le drame de Yirgou. Quel est l\u2019avis du CFOP sur l\u2019existence des groupes d\u2019autod\u00e9fense ? R\u00e9agissant \u00e0 cette interrogation, le pr\u00e9sident du RDEBF s\u2019est voulu clair : \u00abLe CFOP est une institution r\u00e9publicaine.<\/p>\n<p>Toute milice ou bande organis\u00e9e contraire aux lois ne doit pas exister dans une r\u00e9publique et il appartient \u00e0 l\u2019Etat de prendre ses responsabilit\u00e9s\u00bb. S\u2019agissant du dialogue politique qui peine \u00e0 d\u00e9marrer, le conf\u00e9rencier a laiss\u00e9 entendre que le CFOP est toujours dans l\u2019attente apr\u00e8s avoir transmis au chef de l\u2019Etat, les points sur lesquels il souhaite avoir des d\u00e9bats avec la majorit\u00e9.<\/p>\n<p class=\"c1\"><strong>Beyon Romain NEBIE<\/strong><br \/><strong>nbeyonromain@yahoo.fr<\/strong><\/p>\n<div class=\"td-a-rec td-a-rec-id-content_bottom td_uid_31_5cd1fc31e482e_rand td_block_template_1\"><img loading=\"lazy\" decoding=\"async\" class=\"alignright size-full wp-image-1724\" src=\"https:\/\/www.sidwaya.info\/wp-content\/uploads\/2018\/12\/sidwaya-pub.jpg\" alt=\"\" width=\"720\" height=\"90\"\/><\/div>\n<p>Auteur: DD. Sidwaya<br \/>\n<a href=\"https:\/\/www.sidwaya.info\/blog\/2019\/05\/07\/lutte-contre-le-terrorisme-lopposition-reclame-des-strategies-plus-elaborees\/\">Cliquez ici pour lire l&rsquo;article depuis sa source.<\/a><\/p>\n","protected":false},"excerpt":{"rendered":"<p>L\u2019hebdomadaire conf\u00e9rence de presse de l\u2019opposition politique s\u2019est tenue, le mardi 7 mai 2019 au si\u00e8ge du Chef de file de l\u2019opposition politique (CFOP). Les nouvelles strat\u00e9gies des groupes terroristes, la remise \u00e0 plat des r\u00e9mun\u00e9rations et la fronde sociale \u00e9taient menu. Les nouvelles strat\u00e9gies et modes op\u00e9ratoires des groupes terroristes qui s\u2019attaquent de plus [&hellip;]<\/p>\n","protected":false},"author":1816,"featured_media":0,"comment_status":"closed","ping_status":"closed","sticky":false,"template":"","format":"standard","meta":{"fifu_image_url":"","fifu_image_alt":"","footnotes":""},"categories":[73,81],"tags":[],"class_list":["post-32866","post","type-post","status-publish","format-standard","hentry","category-actualite","category-burkina-faso"],"_links":{"self":[{"href":"https:\/\/linitiative.ca\/International\/wp-json\/wp\/v2\/posts\/32866","targetHints":{"allow":["GET"]}}],"collection":[{"href":"https:\/\/linitiative.ca\/International\/wp-json\/wp\/v2\/posts"}],"about":[{"href":"https:\/\/linitiative.ca\/International\/wp-json\/wp\/v2\/types\/post"}],"author":[{"embeddable":true,"href":"https:\/\/linitiative.ca\/International\/wp-json\/wp\/v2\/users\/1816"}],"replies":[{"embeddable":true,"href":"https:\/\/linitiative.ca\/International\/wp-json\/wp\/v2\/comments?post=32866"}],"version-history":[{"count":0,"href":"https:\/\/linitiative.ca\/International\/wp-json\/wp\/v2\/posts\/32866\/revisions"}],"wp:attachment":[{"href":"https:\/\/linitiative.ca\/International\/wp-json\/wp\/v2\/media?parent=32866"}],"wp:term":[{"taxonomy":"category","embeddable":true,"href":"https:\/\/linitiative.ca\/International\/wp-json\/wp\/v2\/categories?post=32866"},{"taxonomy":"post_tag","embeddable":true,"href":"https:\/\/linitiative.ca\/International\/wp-json\/wp\/v2\/tags?post=32866"}],"curies":[{"name":"wp","href":"https:\/\/api.w.org\/{rel}","templated":true}]}}