{"id":32867,"date":"2019-05-07T16:50:10","date_gmt":"2019-05-07T20:50:10","guid":{"rendered":"https:\/\/linitiative.ca\/International\/secteur-bancaire-une-convention-collective-pour-de-meilleures-conditions-de-travail\/"},"modified":"2019-05-07T16:50:10","modified_gmt":"2019-05-07T20:50:10","slug":"secteur-bancaire-une-convention-collective-pour-de-meilleures-conditions-de-travail","status":"publish","type":"post","link":"https:\/\/linitiative.ca\/International\/secteur-bancaire-une-convention-collective-pour-de-meilleures-conditions-de-travail\/","title":{"rendered":"Secteur bancaire : une convention collective pour de meilleures conditions de travail"},"content":{"rendered":"<div class=\"td-post-featured-image\"><a href=\"https:\/\/i2.wp.com\/www.sidwaya.info\/wp-content\/uploads\/2019\/05\/1-15.jpg?fit=738%2C493&#038;ssl=1\" data-caption=\"\"><img loading=\"lazy\" decoding=\"async\" width=\"696\" height=\"465\" class=\"entry-thumb td-modal-image\" src=\"https:\/\/i2.wp.com\/www.sidwaya.info\/wp-content\/uploads\/2019\/05\/1-15.jpg?resize=696%2C465&#038;ssl=1\" srcset=\"https:\/\/i2.wp.com\/www.sidwaya.info\/wp-content\/uploads\/2019\/05\/1-15.jpg?w=738&#038;ssl=1 738w, https:\/\/i2.wp.com\/www.sidwaya.info\/wp-content\/uploads\/2019\/05\/1-15.jpg?resize=300%2C200&#038;ssl=1 300w, https:\/\/i2.wp.com\/www.sidwaya.info\/wp-content\/uploads\/2019\/05\/1-15.jpg?resize=696%2C465&#038;ssl=1 696w, https:\/\/i2.wp.com\/www.sidwaya.info\/wp-content\/uploads\/2019\/05\/1-15.jpg?resize=629%2C420&#038;ssl=1 629w\" sizes=\"auto, (max-width: 696px) 100vw, 696px\" alt=\"\" title=\"1\"\/><\/a><\/div>\n<div class=\"td-a-rec td-a-rec-id-content_top td_uid_30_5cd1fc35be87a_rand td_block_template_1\"><img loading=\"lazy\" decoding=\"async\" class=\"aligncenter size-full wp-image-4463\" src=\"https:\/\/www.sidwaya.info\/wp-content\/uploads\/2019\/02\/FESPACO-TOUR-2019-Bannie%CC%80re-728x90-1.jpg\" alt=\"\" width=\"728\" height=\"90\"\/><\/div>\n<p><strong>L\u2019Association professionnelle des banques et \u00e9tablissements financiers du Burkina, la Conf\u00e9d\u00e9ration syndicale burkinab\u00e8, la Conf\u00e9d\u00e9ration g\u00e9n\u00e9rale de travail du Burkina et l\u2019administration du travail, ont sign\u00e9 la premi\u00e8re convention collective dans le secteur des banques, le lundi 6 mai 2019 \u00e0 Ouagadougou.<\/strong><\/p>\n<p>Apr\u00e8s 21 ans de n\u00e9gociation, les organisations syndicales et les patrons des banques sont, enfin parvenus \u00e0 un accord relatif aux conditions de travail dans le secteur bancaire.<br \/>Cet accord a \u00e9t\u00e9 mat\u00e9rialis\u00e9 par la signature d\u2019une convention collective sectorielle, le lundi 6 mai 2019, sous l\u2019\u00e9gide du minist\u00e8re de la Fonction publique, du Travail et de la Protection sociale. Les signataires, \u00e0 savoir l\u2019Association professionnelle des banques et \u00e9tablissement financiers du Burkina (APBEF-B), la Conf\u00e9d\u00e9ration syndicale burkinab\u00e8 (CSB), la Conf\u00e9d\u00e9ration g\u00e9n\u00e9rale de travail du Burkina (CGT-B) et l\u2019administration du travail, s\u2019engagent ainsi \u00e0 harmoniser les pratiques dans les banques en fixant le plancher minimum de droits et obligation qui doit \u00eatre observ\u00e9 pour pr\u00e9server les bonnes conditions de travail et de vie, ainsi que la paix sociale dans ce secteur d\u2019activit\u00e9. \u00abPour la profession bancaire c\u2019est une avanc\u00e9e majeure.<\/p>\n<p>C\u2019est une convention \u00e9quilibr\u00e9e car elle consacre l\u2019ascension sociale, la formation et de meilleures conditions mat\u00e9rielles de travail de nos collaborateurs\u00bb, a d\u00e9clar\u00e9 le pr\u00e9sident de l\u2019APBEF-B, Martial Goeh-Akue. Selon lui, gr\u00e2ce \u00e0 cette convention, les salaires des agents vont \u00eatre r\u00e9\u00e9valu\u00e9s, de plus chaque agent va avoir une vision claire de son plan de carri\u00e8re, s\u2019il travaille correctement. M.Goeh-Akue a par ailleurs invit\u00e9 les directeurs g\u00e9n\u00e9raux des banques \u00e0 s\u2019approprier la convention et \u00e0 l\u2019appliquer pour le bien-\u00eatre de leurs collaborateurs et l\u2019essor de l\u2019\u00e9conomie burkinab\u00e8. De son avis, la production bancaire d\u00e9pend du bien-\u00eatre des collaborateurs alors que si les banques se portent bien, il sera de m\u00eame pour l\u2019\u00e9conomie.<\/p>\n<p>Le porte-parole des membres de la commission de n\u00e9gociation de la convention collective au titre des syndicats, Dominique Yam\u00e9ogo, a estim\u00e9 pour sa part que l\u2019accord consacre un minimum. \u00abLe plus important c\u2019est qu\u2019il y a une commission paritaire qui va \u00e9tudier les possibilit\u00e9s de r\u00e9viser les grilles salariales et indemnitaires apr\u00e8s trois ans d\u2019application\u00bb, a-t-il soutenu. Quant au Secr\u00e9taire g\u00e9n\u00e9ral (SG) du minist\u00e8re en charge de la fonction publique qui a pr\u00e9sid\u00e9 la signature, Souleymane Lengan\u00e9, le parafe du document est une contribution remarquable des partenaires sociaux du monde bancaire \u00e0 la coh\u00e9sion sociale pr\u00f4n\u00e9e par le pr\u00e9sident du Faso dans son discours \u00e0 la nation, prononc\u00e9 en d\u00e9cembre 2018.<\/p>\n<p>Il a salu\u00e9 les sacrifices consentis par les acteurs. \u00abLa c\u00e9r\u00e9monie de signature de la convention collective marque aussi le d\u00e9but des proc\u00e9dures administrative et judiciaire qui permettront d\u2019aboutir \u00e0 la version officielle et je ne doute pas que vous en ferez diligence\u00bb, a conclu le SG du minist\u00e8re en charge de la fonction publique.<\/p>\n<p class=\"c1\"><strong>Nad\u00e8ge YE<\/strong><\/p>\n<div class=\"td-a-rec td-a-rec-id-content_bottom td_uid_31_5cd1fc35beae7_rand td_block_template_1\"><img loading=\"lazy\" decoding=\"async\" class=\"alignright size-full wp-image-1724\" src=\"https:\/\/www.sidwaya.info\/wp-content\/uploads\/2018\/12\/sidwaya-pub.jpg\" alt=\"\" width=\"720\" height=\"90\"\/><\/div>\n<p>Auteur: DD. Sidwaya<br \/>\n<a href=\"https:\/\/www.sidwaya.info\/blog\/2019\/05\/07\/secteur-bancaire-une-convention-collective-pour-de-meilleures-conditions-de-travail\/\">Cliquez ici pour lire l&rsquo;article depuis sa source.<\/a><\/p>\n","protected":false},"excerpt":{"rendered":"<p>L\u2019Association professionnelle des banques et \u00e9tablissements financiers du Burkina, la Conf\u00e9d\u00e9ration syndicale burkinab\u00e8, la Conf\u00e9d\u00e9ration g\u00e9n\u00e9rale de travail du Burkina et l\u2019administration du travail, ont sign\u00e9 la premi\u00e8re convention collective dans le secteur des banques, le lundi 6 mai 2019 \u00e0 Ouagadougou. Apr\u00e8s 21 ans de n\u00e9gociation, les organisations syndicales et les patrons des banques [&hellip;]<\/p>\n","protected":false},"author":1816,"featured_media":0,"comment_status":"closed","ping_status":"closed","sticky":false,"template":"","format":"standard","meta":{"fifu_image_url":"","fifu_image_alt":"","footnotes":""},"categories":[73,81],"tags":[],"class_list":["post-32867","post","type-post","status-publish","format-standard","hentry","category-actualite","category-burkina-faso"],"_links":{"self":[{"href":"https:\/\/linitiative.ca\/International\/wp-json\/wp\/v2\/posts\/32867","targetHints":{"allow":["GET"]}}],"collection":[{"href":"https:\/\/linitiative.ca\/International\/wp-json\/wp\/v2\/posts"}],"about":[{"href":"https:\/\/linitiative.ca\/International\/wp-json\/wp\/v2\/types\/post"}],"author":[{"embeddable":true,"href":"https:\/\/linitiative.ca\/International\/wp-json\/wp\/v2\/users\/1816"}],"replies":[{"embeddable":true,"href":"https:\/\/linitiative.ca\/International\/wp-json\/wp\/v2\/comments?post=32867"}],"version-history":[{"count":0,"href":"https:\/\/linitiative.ca\/International\/wp-json\/wp\/v2\/posts\/32867\/revisions"}],"wp:attachment":[{"href":"https:\/\/linitiative.ca\/International\/wp-json\/wp\/v2\/media?parent=32867"}],"wp:term":[{"taxonomy":"category","embeddable":true,"href":"https:\/\/linitiative.ca\/International\/wp-json\/wp\/v2\/categories?post=32867"},{"taxonomy":"post_tag","embeddable":true,"href":"https:\/\/linitiative.ca\/International\/wp-json\/wp\/v2\/tags?post=32867"}],"curies":[{"name":"wp","href":"https:\/\/api.w.org\/{rel}","templated":true}]}}