{"id":32869,"date":"2019-05-07T16:58:38","date_gmt":"2019-05-07T20:58:38","guid":{"rendered":"https:\/\/linitiative.ca\/International\/la-poste-burkina-faso-le-personnel-en-sit-in-de-72-heures\/"},"modified":"2019-05-07T16:58:38","modified_gmt":"2019-05-07T20:58:38","slug":"la-poste-burkina-faso-le-personnel-en-sit-in-de-72-heures","status":"publish","type":"post","link":"https:\/\/linitiative.ca\/International\/la-poste-burkina-faso-le-personnel-en-sit-in-de-72-heures\/","title":{"rendered":"La Poste Burkina Faso : le personnel en sit-in de 72 heures"},"content":{"rendered":"<div class=\"td-post-featured-image\"><a href=\"https:\/\/i2.wp.com\/www.sidwaya.info\/wp-content\/uploads\/2019\/05\/1-17.jpg?fit=738%2C553&#038;ssl=1\" data-caption=\"\"><img loading=\"lazy\" decoding=\"async\" width=\"696\" height=\"522\" class=\"entry-thumb td-modal-image\" src=\"https:\/\/i2.wp.com\/www.sidwaya.info\/wp-content\/uploads\/2019\/05\/1-17.jpg?resize=696%2C522&#038;ssl=1\" srcset=\"https:\/\/i2.wp.com\/www.sidwaya.info\/wp-content\/uploads\/2019\/05\/1-17.jpg?w=738&#038;ssl=1 738w, https:\/\/i2.wp.com\/www.sidwaya.info\/wp-content\/uploads\/2019\/05\/1-17.jpg?resize=300%2C225&#038;ssl=1 300w, https:\/\/i2.wp.com\/www.sidwaya.info\/wp-content\/uploads\/2019\/05\/1-17.jpg?resize=80%2C60&#038;ssl=1 80w, https:\/\/i2.wp.com\/www.sidwaya.info\/wp-content\/uploads\/2019\/05\/1-17.jpg?resize=265%2C198&#038;ssl=1 265w, https:\/\/i2.wp.com\/www.sidwaya.info\/wp-content\/uploads\/2019\/05\/1-17.jpg?resize=696%2C522&#038;ssl=1 696w, https:\/\/i2.wp.com\/www.sidwaya.info\/wp-content\/uploads\/2019\/05\/1-17.jpg?resize=561%2C420&#038;ssl=1 561w\" sizes=\"auto, (max-width: 696px) 100vw, 696px\" alt=\"\" title=\"1\"\/><\/a><\/div>\n<div class=\"td-a-rec td-a-rec-id-content_top td_uid_30_5cd1fc3d02d8c_rand td_block_template_1\"><img loading=\"lazy\" decoding=\"async\" class=\"aligncenter size-full wp-image-4463\" src=\"https:\/\/www.sidwaya.info\/wp-content\/uploads\/2019\/02\/FESPACO-TOUR-2019-Bannie%CC%80re-728x90-1.jpg\" alt=\"\" width=\"728\" height=\"90\"\/><\/div>\n<p><strong>Les travailleurs de La Poste Burkina Faso observent un sit-in de 72 heures, depuis hier lundi 6 mai 2019 \u00e0 Ouagadougou, pour protester contre la lenteur dans la mise en \u0153uvre du nouveau statut du personnel.<\/strong><\/p>\n<p>Les agents de La Poste Burkina Faso sont en sit-in de 72 heures, de 7h \u00e0 12h, depuis hier lundi 5 mai 2019 \u00e0 Ouagadougou. Ce mouvement d\u2019humeur, selon le secr\u00e9taire g\u00e9n\u00e9ral du syndicat des travailleurs de la poste, Gilbert Goh, vise \u00e0 interpeller les responsables de l\u2019entreprise sur la lenteur constat\u00e9e dans le cadre de la relecture du statut du personnel de l\u2019institution dont l\u2019adoption \u00e9tait pr\u00e9vue pour f\u00e9vrier 2019.<\/p>\n<p>\u00abDepuis le mois de septembre 2018, la commission a d\u00e9pos\u00e9 les conclusions de ses travaux. Malheureusement depuis lors, le Directeur g\u00e9n\u00e9ral (DG) tra\u00eene avec le dossier\u00bb, a-t-il soutenu. Pour lui, au lieu de s\u2019attaquer \u00e0 des probl\u00e8mes s\u00e9rieux, le DG s\u2019accroche \u00e0 des projets de moindre importance comme le changement du nom de la soci\u00e9t\u00e9 et le nouvel organigramme qui divise tant les travailleurs. Il a, en outre, relev\u00e9 que les travailleurs ont pris beaucoup de patience \u00e0 attendre et que cela d\u00e9note, soit d\u2019une mauvaise volont\u00e9 quelque part de faire aboutir leur projet, soit de l\u2019incomp\u00e9tence de la part des dirigeants de la \u00abbo\u00eete\u00bb.<\/p>\n<p>Pour le Secr\u00e9taire g\u00e9n\u00e9ral (SG) de La Poste Burkina Faso, Oumarou Ou\u00e9draogo, le comit\u00e9 bipartite mis en place en 2018 pour se pencher sur la question a remis les conclusions de ses travaux au Conseil d\u2019administration qui les a rejet\u00e9es \u00e0 deux reprises. Ce qui l\u2019a oblig\u00e9, a-t-il poursuivi, \u00e0 prendre en compte les amendements faits par le conseil et \u00e0 fournir \u00e9galement des informations compl\u00e9mentaires avant de lui soumettre \u00e0 nouveau le document le 30 avril 2019. \u00abLe conseil d\u2019administration a estim\u00e9 qu\u2019il fallait encore prolonger la projection de l\u2019\u00e9volution de l\u2019activit\u00e9 de l\u2019entreprise jusqu\u2019\u00e0 au moins 5 ans, au lieu de 3, au regard de ses \u00e9tats financiers\u00bb, a soulign\u00e9 Oumarou Ou\u00e9draogo. A l\u2019entendre, tout d\u00e9pend de la d\u00e9cision du Conseil d\u2019administration.<\/p>\n<p>\u00abLa direction g\u00e9n\u00e9rale est une \u00e9tape de la gestion de l\u2019entreprise, elle n\u2019est pas propri\u00e9taire de l\u2019entreprise, elle n\u2019est que gestionnaire\u00bb, a-t-il expliqu\u00e9. A l\u2019\u00e9couter, la direction a fait ce qu\u2019elle peut pour d\u00e9nouer la crise. D\u2019ailleurs, a-t-il fait comprendre, elle est en phase avec ce que le mouvement syndical demande et n\u2019attend que la r\u00e9ponse du Conseil d\u2019administration. Afin d\u2019apaiser les esprits et renouer le fil du dialogue, Oumarou Ou\u00e9draogo a indiqu\u00e9 que la direction reste ouverte au dialogue et s\u2019appr\u00eate \u00e0 recevoir les d\u00e9l\u00e9gu\u00e9s du personnel pour des discussions. Dans le m\u00eame temps, elle veut relancer le Conseil d\u2019administration, de sorte qu\u2019il acc\u00e9l\u00e8re les choses de son c\u00f4t\u00e9. En attendant, les protestataires demeurent fermes sur leur position et menacent d\u2019organiser 48 heures de gr\u00e8ve \u00e0 l\u2019issue du sit-in au cas o\u00f9 ils n\u2019auront pas gain de cause. Et si, apr\u00e8s la gr\u00e8ve, rien n\u2019est fait, ils comptent durcir le ton \u00e0 travers d\u2019autres formes de lutte qu\u2019ils se refusent de d\u00e9voiler pour l\u2019instant.<\/p>\n<p class=\"c1\"><strong>Ouamtinga Michel ILBOUDO<\/strong><br \/><strong>Omichel20@gmail.com<\/strong><\/p>\n<div class=\"td-a-rec td-a-rec-id-content_bottom td_uid_31_5cd1fc3d02ff1_rand td_block_template_1\"><img loading=\"lazy\" decoding=\"async\" class=\"alignright size-full wp-image-1724\" src=\"https:\/\/www.sidwaya.info\/wp-content\/uploads\/2018\/12\/sidwaya-pub.jpg\" alt=\"\" width=\"720\" height=\"90\"\/><\/div>\n<p>Auteur: DD. Sidwaya<br \/>\n<a href=\"https:\/\/www.sidwaya.info\/blog\/2019\/05\/07\/la-poste-burkina-faso-le-personnel-en-sit-in-de-72-heures\/\">Cliquez ici pour lire l&rsquo;article depuis sa source.<\/a><\/p>\n","protected":false},"excerpt":{"rendered":"<p>Les travailleurs de La Poste Burkina Faso observent un sit-in de 72 heures, depuis hier lundi 6 mai 2019 \u00e0 Ouagadougou, pour protester contre la lenteur dans la mise en \u0153uvre du nouveau statut du personnel. Les agents de La Poste Burkina Faso sont en sit-in de 72 heures, de 7h \u00e0 12h, depuis hier [&hellip;]<\/p>\n","protected":false},"author":1816,"featured_media":0,"comment_status":"closed","ping_status":"closed","sticky":false,"template":"","format":"standard","meta":{"fifu_image_url":"","fifu_image_alt":"","footnotes":""},"categories":[73,81],"tags":[],"class_list":["post-32869","post","type-post","status-publish","format-standard","hentry","category-actualite","category-burkina-faso"],"_links":{"self":[{"href":"https:\/\/linitiative.ca\/International\/wp-json\/wp\/v2\/posts\/32869","targetHints":{"allow":["GET"]}}],"collection":[{"href":"https:\/\/linitiative.ca\/International\/wp-json\/wp\/v2\/posts"}],"about":[{"href":"https:\/\/linitiative.ca\/International\/wp-json\/wp\/v2\/types\/post"}],"author":[{"embeddable":true,"href":"https:\/\/linitiative.ca\/International\/wp-json\/wp\/v2\/users\/1816"}],"replies":[{"embeddable":true,"href":"https:\/\/linitiative.ca\/International\/wp-json\/wp\/v2\/comments?post=32869"}],"version-history":[{"count":0,"href":"https:\/\/linitiative.ca\/International\/wp-json\/wp\/v2\/posts\/32869\/revisions"}],"wp:attachment":[{"href":"https:\/\/linitiative.ca\/International\/wp-json\/wp\/v2\/media?parent=32869"}],"wp:term":[{"taxonomy":"category","embeddable":true,"href":"https:\/\/linitiative.ca\/International\/wp-json\/wp\/v2\/categories?post=32869"},{"taxonomy":"post_tag","embeddable":true,"href":"https:\/\/linitiative.ca\/International\/wp-json\/wp\/v2\/tags?post=32869"}],"curies":[{"name":"wp","href":"https:\/\/api.w.org\/{rel}","templated":true}]}}