{"id":32872,"date":"2019-05-07T13:20:28","date_gmt":"2019-05-07T17:20:28","guid":{"rendered":"https:\/\/linitiative.ca\/International\/cameroun-des-vents-violents-arrachent-la-toiture-du-stade-de-limbe\/"},"modified":"2019-05-07T13:20:28","modified_gmt":"2019-05-07T17:20:28","slug":"cameroun-des-vents-violents-arrachent-la-toiture-du-stade-de-limbe","status":"publish","type":"post","link":"https:\/\/linitiative.ca\/International\/cameroun-des-vents-violents-arrachent-la-toiture-du-stade-de-limbe\/","title":{"rendered":"Cameroun : des vents violents arrachent la toiture du stade de Limbe"},"content":{"rendered":"<div readability=\"32\">\n<p>Publi\u00e9 le 07.05.2019 \u00e0 18h20 par Journalducameroun.com<\/p>\n<\/div>\n<div readability=\"41.5035460993\">\n<h2>De fortes pluies accompagn\u00e9es de vents violents enregistr\u00e9s ce week-end dans la ville de Limbe ont endommag\u00e9 une partie du stade omnisport.<\/h2>\n<p><em>\u00a0<\/em>Sinistre au stade Omnisport de Limbe. Une partie du toit de la tribune d\u2019honneur \u00e9t\u00e9 arrach\u00e9e par l\u2019orage qui souffl\u00e9 sur la ville le week-end dernier. L\u2019ouvrage endommag\u00e9 \u00e9tait en finition. Des travaux d\u2019extension y avaient \u00e9t\u00e9 entrepris aux lendemains de la Coupe d\u2019Afrique des nations de football f\u00e9minin, Cameroun 2016.<\/p>\n<p><ins data-revive-zoneid=\"9\" data-revive-id=\"10111e19d28d19d031742ee3b0b33eb0\"\/> <\/p>\n<p>Le stade de Limbe avait abrit\u00e9 les matchs de pouls. <a href=\"https:\/\/www.journalducameroun.com\/fr\/cameroun-le-stade-de-limbe-est-homologue\/\">Homologu\u00e9<\/a> le 5 f\u00e9vrier 2016, il figure parmi les infrastructures sportives retenues pour accueillir la Can 2019 initialement pr\u00e9vue au Cameroun avant d\u2019\u00eatre report\u00e9e \u00e0 l\u2019ann\u00e9e 2021. Des rencontres sportives li\u00e9es au Championnat d\u2019Afrique des Nations en janvier devraient y avoir lieu en 2020<\/p>\n<\/div>\n<p>Auteur: Louise NSANA<br \/>\n<a href=\"https:\/\/www.journalducameroun.com\/fr\/cameroun-des-vents-violents-arrachent-la-toiture-du-stade-de-limbe\/\">Cliquez ici pour lire l&rsquo;article depuis sa source.<\/a><\/p>\n","protected":false},"excerpt":{"rendered":"<p>Publi\u00e9 le 07.05.2019 \u00e0 18h20 par Journalducameroun.com De fortes pluies accompagn\u00e9es de vents violents enregistr\u00e9s ce week-end dans la ville de Limbe ont endommag\u00e9 une partie du stade omnisport. \u00a0Sinistre au stade Omnisport de Limbe. Une partie du toit de la tribune d\u2019honneur \u00e9t\u00e9 arrach\u00e9e par l\u2019orage qui souffl\u00e9 sur la ville le week-end dernier. [&hellip;]<\/p>\n","protected":false},"author":1965,"featured_media":0,"comment_status":"closed","ping_status":"closed","sticky":false,"template":"","format":"standard","meta":{"fifu_image_url":"","fifu_image_alt":"","footnotes":""},"categories":[73,82],"tags":[],"class_list":["post-32872","post","type-post","status-publish","format-standard","hentry","category-actualite","category-cameroun"],"_links":{"self":[{"href":"https:\/\/linitiative.ca\/International\/wp-json\/wp\/v2\/posts\/32872","targetHints":{"allow":["GET"]}}],"collection":[{"href":"https:\/\/linitiative.ca\/International\/wp-json\/wp\/v2\/posts"}],"about":[{"href":"https:\/\/linitiative.ca\/International\/wp-json\/wp\/v2\/types\/post"}],"author":[{"embeddable":true,"href":"https:\/\/linitiative.ca\/International\/wp-json\/wp\/v2\/users\/1965"}],"replies":[{"embeddable":true,"href":"https:\/\/linitiative.ca\/International\/wp-json\/wp\/v2\/comments?post=32872"}],"version-history":[{"count":0,"href":"https:\/\/linitiative.ca\/International\/wp-json\/wp\/v2\/posts\/32872\/revisions"}],"wp:attachment":[{"href":"https:\/\/linitiative.ca\/International\/wp-json\/wp\/v2\/media?parent=32872"}],"wp:term":[{"taxonomy":"category","embeddable":true,"href":"https:\/\/linitiative.ca\/International\/wp-json\/wp\/v2\/categories?post=32872"},{"taxonomy":"post_tag","embeddable":true,"href":"https:\/\/linitiative.ca\/International\/wp-json\/wp\/v2\/tags?post=32872"}],"curies":[{"name":"wp","href":"https:\/\/api.w.org\/{rel}","templated":true}]}}