{"id":32873,"date":"2019-05-07T13:50:01","date_gmt":"2019-05-07T17:50:01","guid":{"rendered":"https:\/\/linitiative.ca\/International\/israel-se-fige-en-souvenir-de-ses-soldats-et-des-victimes-dattentats\/"},"modified":"2019-05-07T13:50:01","modified_gmt":"2019-05-07T17:50:01","slug":"israel-se-fige-en-souvenir-de-ses-soldats-et-des-victimes-dattentats","status":"publish","type":"post","link":"https:\/\/linitiative.ca\/International\/israel-se-fige-en-souvenir-de-ses-soldats-et-des-victimes-dattentats\/","title":{"rendered":"Isra\u00ebl se fige en souvenir de ses soldats et des victimes d\u2019attentats"},"content":{"rendered":"<div readability=\"32\">\n<p>Publi\u00e9 le 07.05.2019 \u00e0 18h50 par AFP<\/p>\n<\/div>\n<div readability=\"91\">\n<p>Isra\u00ebl s\u2019est fig\u00e9 mardi soir pour marquer le d\u00e9but des comm\u00e9morations annuelles du souvenir pour ses soldats et les victimes du terrorisme, tandis que retentissaient \u00e0 travers tout le pays les sir\u00e8nes fun\u00e8bres durant une minute.<\/p>\n<p>Le pr\u00e9sident Reuven Rivlin et le chef d\u2019\u00e9tat-major, Aviv Kochavi, ont assist\u00e9 \u00e0 la traditionnelle c\u00e9r\u00e9monie au Mur des Lamentations, le site le plus sacr\u00e9 o\u00f9 les juifs peuvent prier dans la Vieille ville de J\u00e9rusalem, conquise par Isra\u00ebl en juin 1967 puis annex\u00e9e.<\/p>\n<p>La circulation s\u2019est arr\u00eat\u00e9e dans les rues alors que s\u2019\u00e9levait une sir\u00e8ne dans un pays aux drapeaux en berne.<\/p>\n<p>Selon des chiffres officiels, 23.741 soldats et membres des forces de s\u00e9curit\u00e9 de toutes sortes sont morts en service actif depuis 1860, lorsque les premiers habitants juifs de la Vieille ville de J\u00e9rusalem ont cr\u00e9\u00e9 pour la premi\u00e8re fois de nouveaux quartiers en dehors des murailles.<\/p>\n<p>Le nombre de ces morts a augment\u00e9 de 96 depuis le pr\u00e9c\u00e9dent jour du souvenir.<\/p>\n<p>Quant aux civils, 17 nouveaux noms ont \u00e9t\u00e9 ajout\u00e9s depuis l\u2019an dernier, dont les quatre personnes tu\u00e9es dimanche par des roquettes et un missile tir\u00e9s de la bande de Gaza, portant leur nombre \u00e0 3.150 depuis 1950, au lendemain de la premi\u00e8re guerre isra\u00e9lo-arabe, selon des chiffres de l\u2019Institut national d\u2019assurance, charg\u00e9 des indemnisations.<\/p>\n<p><ins data-revive-zoneid=\"9\" data-revive-id=\"10111e19d28d19d031742ee3b0b33eb0\"\/> <\/p>\n<p>\u00ab\u00a0Nous ne sommes pas avides de guerre, mais sachez que nous sommes pr\u00eats au sacrifice pour garantir notre destin\u00e9e\u00a0\u00bb, a d\u00e9clar\u00e9 le Premier ministre Benjamin Netanyahu lors d\u2019une c\u00e9r\u00e9monie mardi \u00e0 J\u00e9rusalem, deux jours apr\u00e8s la plus s\u00e9v\u00e8re confrontation avec les groupes arm\u00e9s palestiniens de Gaza depuis la guerre de 2014.<\/p>\n<p>Les sir\u00e8nes doivent \u00e0 nouveau r\u00e9sonner mercredi \u00e0 11H00 locales (08H00 GMT), donnant le coup d\u2019envoi \u00e0 une s\u00e9rie de c\u00e9r\u00e9monies dans les cimeti\u00e8res militaires d\u2019Isra\u00ebl.<\/p>\n<p>Le recueillement c\u00e9dera la place dans la soir\u00e9e de mercredi et jeudi aux festivit\u00e9s du jour de l\u2019Ind\u00e9pendance, anniversaire de la proclamation de l\u2019Etat d\u2019Isra\u00ebl le 14 mai 1948. Cet anniversaire est c\u00e9l\u00e9br\u00e9 selon le calendrier juif et tombe cette ann\u00e9e le 9 mai.<\/p>\n<p>Les Palestiniens, pour leur part, comm\u00e9morent, g\u00e9n\u00e9ralement le 15 mai, la cr\u00e9ation d\u2019Isra\u00ebl comme la journ\u00e9e de la \u00ab\u00a0catastrophe\u00a0\u00bb, marquant le d\u00e9but de l\u2019exode pour des centaines de milliers d\u2019entre eux.<\/p>\n<\/div>\n<p>Auteur: AFP<br \/>\n<a href=\"https:\/\/www.journalducameroun.com\/fr\/israel-se-fige-en-souvenir-de-ses-soldats-et-des-victimes-dattentats\/\">Cliquez ici pour lire l&rsquo;article depuis sa source.<\/a><\/p>\n","protected":false},"excerpt":{"rendered":"<p>Publi\u00e9 le 07.05.2019 \u00e0 18h50 par AFP Isra\u00ebl s\u2019est fig\u00e9 mardi soir pour marquer le d\u00e9but des comm\u00e9morations annuelles du souvenir pour ses soldats et les victimes du terrorisme, tandis que retentissaient \u00e0 travers tout le pays les sir\u00e8nes fun\u00e8bres durant une minute. Le pr\u00e9sident Reuven Rivlin et le chef d\u2019\u00e9tat-major, Aviv Kochavi, ont assist\u00e9 [&hellip;]<\/p>\n","protected":false},"author":1965,"featured_media":0,"comment_status":"closed","ping_status":"closed","sticky":false,"template":"","format":"standard","meta":{"fifu_image_url":"","fifu_image_alt":"","footnotes":""},"categories":[73,82],"tags":[],"class_list":["post-32873","post","type-post","status-publish","format-standard","hentry","category-actualite","category-cameroun"],"_links":{"self":[{"href":"https:\/\/linitiative.ca\/International\/wp-json\/wp\/v2\/posts\/32873","targetHints":{"allow":["GET"]}}],"collection":[{"href":"https:\/\/linitiative.ca\/International\/wp-json\/wp\/v2\/posts"}],"about":[{"href":"https:\/\/linitiative.ca\/International\/wp-json\/wp\/v2\/types\/post"}],"author":[{"embeddable":true,"href":"https:\/\/linitiative.ca\/International\/wp-json\/wp\/v2\/users\/1965"}],"replies":[{"embeddable":true,"href":"https:\/\/linitiative.ca\/International\/wp-json\/wp\/v2\/comments?post=32873"}],"version-history":[{"count":0,"href":"https:\/\/linitiative.ca\/International\/wp-json\/wp\/v2\/posts\/32873\/revisions"}],"wp:attachment":[{"href":"https:\/\/linitiative.ca\/International\/wp-json\/wp\/v2\/media?parent=32873"}],"wp:term":[{"taxonomy":"category","embeddable":true,"href":"https:\/\/linitiative.ca\/International\/wp-json\/wp\/v2\/categories?post=32873"},{"taxonomy":"post_tag","embeddable":true,"href":"https:\/\/linitiative.ca\/International\/wp-json\/wp\/v2\/tags?post=32873"}],"curies":[{"name":"wp","href":"https:\/\/api.w.org\/{rel}","templated":true}]}}