{"id":32874,"date":"2019-05-07T14:18:04","date_gmt":"2019-05-07T18:18:04","guid":{"rendered":"https:\/\/linitiative.ca\/International\/des-emissaires-de-bedie-recus-en-audience-par-gbagbo-a-bruxelles\/"},"modified":"2019-05-07T14:18:04","modified_gmt":"2019-05-07T18:18:04","slug":"des-emissaires-de-bedie-recus-en-audience-par-gbagbo-a-bruxelles","status":"publish","type":"post","link":"https:\/\/linitiative.ca\/International\/des-emissaires-de-bedie-recus-en-audience-par-gbagbo-a-bruxelles\/","title":{"rendered":"Des \u00e9missaires de B\u00e9di\u00e9 re\u00e7us en audience par Gbagbo \u00e0 Bruxelles"},"content":{"rendered":"<div readability=\"32\">\n<p>Publi\u00e9 le 07.05.2019 \u00e0 19h18 par APA News<\/p>\n<\/div>\n<div readability=\"93\">\n<p>Une d\u00e9l\u00e9gation du Parti d\u00e9mocratique de C\u00f4te d\u2019Ivoire (PDCI) mandat\u00e9e par le pr\u00e9sident Henri Konan B\u00e9di\u00e9 et conduite par son Secr\u00e9taire ex\u00e9cutif en chef, Pr Maurice Kakou Guikahu\u00e9 a \u00e9t\u00e9 re\u00e7ue, mardi, en audience par Laurent Gbagbo, fondateur du Front populaire ivoirien (FPI), ex-pr\u00e9sident ivoirien \u00e0 Bruxelles, rapporte un communiqu\u00e9 de ce parti, transmis \u00e0 APA.Selon cette source, les \u00e9missaires du pr\u00e9sident du PDCI, ont indiqu\u00e9 \u00e0 Laurent Gbagbo \u00a0que leur mandant et son parti \u00ab se sont r\u00e9jouis de son acquittement et souhaitent, ardemment, son retour en C\u00f4te d\u2019Ivoire afin qu\u2019il participe activement au processus de r\u00e9conciliation nationale\u00bb.<\/p>\n<p>Apr\u00e8s analyse de la situation socio-politique du pays, \u00ab\u00a0les deux parties ont constat\u00e9 qu\u2019il \u00e9tait fondamental d\u2019\u0153uvrer ensemble pour le retour d\u2019une paix d\u00e9finitive et durable en C\u00f4te d\u2019Ivoire\u00a0\u00bbajoute le communiqu\u00e9 sign\u00e9 par Assou Adou, Secr\u00e9taire g\u00e9n\u00e9ral du FPI et Pr Maurice Kakou Guikahu\u00e9.<\/p>\n<p>\u00a0\u00ab Elles ont, \u00e9galement, affirm\u00e9 leur d\u00e9termination pour la pr\u00e9servation des acquis d\u00e9mocratiques en C\u00f4te d\u2019Ivoire, en vue de sauvegarder l\u2019autonomie des partis politiques et la non-ing\u00e9rence du pouvoir ex\u00e9cutif dans le fonctionnement de ceux-ci \u00bb, pr\u00e9cise le texte.\u00a0<\/p>\n<p>Laurent Gbagbo, poursuit le communiqu\u00e9, a instruit Pr Maurice Guikahu\u00e9 \u00a0de \u00ab pr\u00e9senter ses condol\u00e9ances \u00e0 son excellence Henri Konan B\u00e9di\u00e9 et \u00e0 son parti, ses condol\u00e9ances pour le d\u00e9c\u00e8s de M. Maurice S\u00e9ri Gnol\u00e9ba, ancien pr\u00e9sident du Conseil \u00e9conomique et social, son ain\u00e9 \u00bb.\u00a0<\/p>\n<p><ins data-revive-zoneid=\"9\" data-revive-id=\"10111e19d28d19d031742ee3b0b33eb0\"\/> <\/p>\n<p>Sensible \u00e0 la visite de la d\u00e9l\u00e9gation du PDCI, M. Gbagbo a charg\u00e9 celle-ci de transmettre au pr\u00e9sident B\u00e9di\u00e9 \u00ab\u00a0ses salutations fraternelles et ses vifs remerciements\u00a0\u00bb, conclut le communiqu\u00e9.\u00a0<\/p>\n<p>Outre Pr Maurice Kakou Guikahu\u00e9, la d\u00e9l\u00e9gation du PDCI comprenait\u00a0N\u2019dri Kouadio Pierre Narcisse, Directeur de Cabinet du Pr\u00e9sident du PDCI-RDA, Mme Zongo Dj\u00e9nebou, Directrice de Communication du PDCI-RDA et Conseill\u00e8re du Pr\u00e9sident \u00a0B\u00e9di\u00e9 et Me Blessy Chrysostome, Coordonnateur de la veille juridique du PDCI-RDA.<\/p>\n<p>Depuis son acquittement par la Cour p\u00e9nale internationale (CPI), Laurent Gbagbo, pr\u00e9sident-fondateur du Front populaire ivoirien, re\u00e7oit des visites de personnalit\u00e9s politiques ivoiriennes \u00e0 Bruxelles.<\/p>\n<\/div>\n<p>Auteur: APA News<br \/>\n<a href=\"https:\/\/www.journalducameroun.com\/fr\/des-emissaires-de-bedie-recus-en-audience-par-gbagbo-a-bruxelles\/\">Cliquez ici pour lire l&rsquo;article depuis sa source.<\/a><\/p>\n","protected":false},"excerpt":{"rendered":"<p>Publi\u00e9 le 07.05.2019 \u00e0 19h18 par APA News Une d\u00e9l\u00e9gation du Parti d\u00e9mocratique de C\u00f4te d\u2019Ivoire (PDCI) mandat\u00e9e par le pr\u00e9sident Henri Konan B\u00e9di\u00e9 et conduite par son Secr\u00e9taire ex\u00e9cutif en chef, Pr Maurice Kakou Guikahu\u00e9 a \u00e9t\u00e9 re\u00e7ue, mardi, en audience par Laurent Gbagbo, fondateur du Front populaire ivoirien (FPI), ex-pr\u00e9sident ivoirien \u00e0 Bruxelles, [&hellip;]<\/p>\n","protected":false},"author":1965,"featured_media":0,"comment_status":"closed","ping_status":"closed","sticky":false,"template":"","format":"standard","meta":{"fifu_image_url":"","fifu_image_alt":"","footnotes":""},"categories":[73,82],"tags":[],"class_list":["post-32874","post","type-post","status-publish","format-standard","hentry","category-actualite","category-cameroun"],"_links":{"self":[{"href":"https:\/\/linitiative.ca\/International\/wp-json\/wp\/v2\/posts\/32874","targetHints":{"allow":["GET"]}}],"collection":[{"href":"https:\/\/linitiative.ca\/International\/wp-json\/wp\/v2\/posts"}],"about":[{"href":"https:\/\/linitiative.ca\/International\/wp-json\/wp\/v2\/types\/post"}],"author":[{"embeddable":true,"href":"https:\/\/linitiative.ca\/International\/wp-json\/wp\/v2\/users\/1965"}],"replies":[{"embeddable":true,"href":"https:\/\/linitiative.ca\/International\/wp-json\/wp\/v2\/comments?post=32874"}],"version-history":[{"count":0,"href":"https:\/\/linitiative.ca\/International\/wp-json\/wp\/v2\/posts\/32874\/revisions"}],"wp:attachment":[{"href":"https:\/\/linitiative.ca\/International\/wp-json\/wp\/v2\/media?parent=32874"}],"wp:term":[{"taxonomy":"category","embeddable":true,"href":"https:\/\/linitiative.ca\/International\/wp-json\/wp\/v2\/categories?post=32874"},{"taxonomy":"post_tag","embeddable":true,"href":"https:\/\/linitiative.ca\/International\/wp-json\/wp\/v2\/tags?post=32874"}],"curies":[{"name":"wp","href":"https:\/\/api.w.org\/{rel}","templated":true}]}}