{"id":32876,"date":"2019-05-07T14:50:01","date_gmt":"2019-05-07T18:50:01","guid":{"rendered":"https:\/\/linitiative.ca\/International\/en-afrique-du-sud-dans-la-cite-modeste-mais-ideale-du-radical-julius-malema\/"},"modified":"2019-05-07T14:50:01","modified_gmt":"2019-05-07T18:50:01","slug":"en-afrique-du-sud-dans-la-cite-modeste-mais-ideale-du-radical-julius-malema","status":"publish","type":"post","link":"https:\/\/linitiative.ca\/International\/en-afrique-du-sud-dans-la-cite-modeste-mais-ideale-du-radical-julius-malema\/","title":{"rendered":"En Afrique du Sud, dans la cit\u00e9 modeste mais id\u00e9ale du radical Julius Malema"},"content":{"rendered":"<div readability=\"32\">\n<p>Publi\u00e9 le 07.05.2019 \u00e0 19h50 par AFP<\/p>\n<\/div>\n<div readability=\"92\">\n<p>C\u2019est une vaste \u00e9tendue de baraques en t\u00f4les ondul\u00e9es align\u00e9es au carr\u00e9 dans la ville sud-africaine de Polokwane (nord). Bienvenue \u00e0 \u00ab\u00a0Juju Vall\u00e9e\u00a0\u00bb, le quartier o\u00f9 le h\u00e9raut de la gauche radicale Julius Malema a donn\u00e9 un \u00ab\u00a0chez-soi\u00a0\u00bb \u00e0 ses partisans.<\/p>\n<p>Depuis pr\u00e8s de trois ans, pr\u00e8s de 600 familles y vivent au milieu des fleurs sur des petits lopins de terre soigneusement entretenus gr\u00e2ce, disent-elles, \u00e0 la g\u00e9n\u00e9rosit\u00e9 de l\u2019enfant du pays, le chef des Combattants pour la libert\u00e9 \u00e9conomique (EFF).<\/p>\n<p>Les EFF sont attendus sur la troisi\u00e8me marche du podium des \u00e9lections l\u00e9gislatives et r\u00e9gionales de mercredi, promises au Congr\u00e8s national africain (ANC) au pouvoir.<\/p>\n<p>A l\u2019approche du scrutin, le quartier baptis\u00e9 du surnom de Julius Malema s\u2019est enti\u00e8rement par\u00e9 aux couleurs des EFF.<\/p>\n<p>A quelques rares exceptions pr\u00e8s, toutes les baraques sont recouvertes des affiches rouge vif du parti proclamant \u00ab\u00a0notre terre et des emplois maintenant\u00a0\u00bb, son cri de guerre, ou plus d\u2019appels pour \u00ab\u00a0votez EFF\u00a0\u00bb.<\/p>\n<p>Pour faire face au manque criant de logements d\u00e9cents dont souffre la majorit\u00e9 noire d\u2019Afrique du Sud, le parti de Julius Malema pr\u00f4ne l\u2019expropriation sans indemnisation des terres, notamment celles encore aux mains de la minorit\u00e9 blanche.<\/p>\n<p><ins data-revive-zoneid=\"9\" data-revive-id=\"10111e19d28d19d031742ee3b0b33eb0\"\/> <\/p>\n<p>Selon le parti, la \u00ab\u00a0Juju Vall\u00e9e\u00a0\u00bb s\u2019est construite sans la moindre autorisation sur un terrain offert par un propri\u00e9taire priv\u00e9.<\/p>\n<p>Les maisons ne disposent ni de l\u2019eau courante, ni de l\u2019\u00e9lectricit\u00e9 mais leurs occupants ne versent aucun loyer. \u00ab\u00a0C\u2019est pour \u00e7a que j\u2019aime la Juju Vall\u00e9e\u00a0\u00bb, se r\u00e9jouit une de ses habitantes et inconditionnelle des EFF, Esther Letsoalo.<\/p>\n<p>Non content d\u2019y \u00eatre log\u00e9s gratuitement, les r\u00e9sidents affirment aussi que leur quartier est l\u2019un des rares totalement \u00e9pargn\u00e9 par la criminalit\u00e9, un fl\u00e9au en Afrique du Sud.<\/p>\n<p>Alors, comme la quasi-totalit\u00e9 de ses voisins, Godfrey Mattatse annonce fi\u00e8rement qu\u2019il votera mercredi pour les EFF. \u00ab\u00a0Le seul parti\u00a0\u00bb, dit-il, \u00ab\u00a0qui se bat pour nous\u00a0\u00bb.<\/p>\n<p>Selon les derniers sondages, le parti de Julius Malema pourrait mercredi doubler son score des l\u00e9gislatives de 2014 (6,7%).<\/p>\n<\/div>\n<p>Auteur: AFP<br \/>\n<a href=\"https:\/\/www.journalducameroun.com\/fr\/en-afrique-du-sud-dans-la-cite-modeste-mais-ideale-du-radical-julius-malema\/\">Cliquez ici pour lire l&rsquo;article depuis sa source.<\/a><\/p>\n","protected":false},"excerpt":{"rendered":"<p>Publi\u00e9 le 07.05.2019 \u00e0 19h50 par AFP C\u2019est une vaste \u00e9tendue de baraques en t\u00f4les ondul\u00e9es align\u00e9es au carr\u00e9 dans la ville sud-africaine de Polokwane (nord). Bienvenue \u00e0 \u00ab\u00a0Juju Vall\u00e9e\u00a0\u00bb, le quartier o\u00f9 le h\u00e9raut de la gauche radicale Julius Malema a donn\u00e9 un \u00ab\u00a0chez-soi\u00a0\u00bb \u00e0 ses partisans. Depuis pr\u00e8s de trois ans, pr\u00e8s de [&hellip;]<\/p>\n","protected":false},"author":1965,"featured_media":0,"comment_status":"closed","ping_status":"closed","sticky":false,"template":"","format":"standard","meta":{"fifu_image_url":"","fifu_image_alt":"","footnotes":""},"categories":[73,82],"tags":[],"class_list":["post-32876","post","type-post","status-publish","format-standard","hentry","category-actualite","category-cameroun"],"_links":{"self":[{"href":"https:\/\/linitiative.ca\/International\/wp-json\/wp\/v2\/posts\/32876","targetHints":{"allow":["GET"]}}],"collection":[{"href":"https:\/\/linitiative.ca\/International\/wp-json\/wp\/v2\/posts"}],"about":[{"href":"https:\/\/linitiative.ca\/International\/wp-json\/wp\/v2\/types\/post"}],"author":[{"embeddable":true,"href":"https:\/\/linitiative.ca\/International\/wp-json\/wp\/v2\/users\/1965"}],"replies":[{"embeddable":true,"href":"https:\/\/linitiative.ca\/International\/wp-json\/wp\/v2\/comments?post=32876"}],"version-history":[{"count":0,"href":"https:\/\/linitiative.ca\/International\/wp-json\/wp\/v2\/posts\/32876\/revisions"}],"wp:attachment":[{"href":"https:\/\/linitiative.ca\/International\/wp-json\/wp\/v2\/media?parent=32876"}],"wp:term":[{"taxonomy":"category","embeddable":true,"href":"https:\/\/linitiative.ca\/International\/wp-json\/wp\/v2\/categories?post=32876"},{"taxonomy":"post_tag","embeddable":true,"href":"https:\/\/linitiative.ca\/International\/wp-json\/wp\/v2\/tags?post=32876"}],"curies":[{"name":"wp","href":"https:\/\/api.w.org\/{rel}","templated":true}]}}