{"id":32877,"date":"2019-05-07T14:50:03","date_gmt":"2019-05-07T18:50:03","guid":{"rendered":"https:\/\/linitiative.ca\/International\/armes-francaises-au-yemen-questions-autour-dun-cargo-saoudien-attendu-en-france\/"},"modified":"2019-05-07T14:50:03","modified_gmt":"2019-05-07T18:50:03","slug":"armes-francaises-au-yemen-questions-autour-dun-cargo-saoudien-attendu-en-france","status":"publish","type":"post","link":"https:\/\/linitiative.ca\/International\/armes-francaises-au-yemen-questions-autour-dun-cargo-saoudien-attendu-en-france\/","title":{"rendered":"Armes fran\u00e7aises au Y\u00e9men: questions autour d\u2019un cargo saoudien attendu en France"},"content":{"rendered":"<div readability=\"32\">\n<p>Publi\u00e9 le 07.05.2019 \u00e0 19h50 par AFP<\/p>\n<\/div>\n<div readability=\"151\">\n<p>La controverse sur les livraisons d\u2019armes fran\u00e7aises \u00e0 l\u2019Arabie Saoudite, susceptibles de servir dans la guerre meurtri\u00e8re du royaume au Y\u00e9men, a rebondi mardi avec de nouvelles pr\u00e9cisions concernant un chargement imminent, d\u00e9menti par Paris.<\/p>\n<p>Interpell\u00e9e \u00e0 l\u2019Assembl\u00e9e nationale, la secr\u00e9taire d\u2019Etat fran\u00e7aise aux Arm\u00e9es a esquiv\u00e9 une question concernant un cargo saoudien attendu en France mercredi et soup\u00e7onn\u00e9 de venir s\u2019approvisionner en mat\u00e9riel de guerre.<\/p>\n<p>Mais pour Disclose, nouveau m\u00e9dia fran\u00e7ais d\u2019investigation en ligne, \u00ab\u00a0huit canons de type Caesar\u00a0\u00bb doivent \u00eatre charg\u00e9s \u00ab\u00a0mercredi 8 mai en fin d\u2019apr\u00e8s-midi\u00a0\u00bb \u00e0 bord du cargo Bahri Yanbu battant pavillon saoudien lors de son escale dans le port du Havre: \u00ab\u00a0Destination finale: le port de Djeddah, en Arabie saoudite\u00a0\u00bb, insiste le site.<\/p>\n<p>Disclose avait d\u00e9j\u00e0 r\u00e9v\u00e9l\u00e9 le 15 avril une note class\u00e9e \u00ab\u00a0confidentiel d\u00e9fense\u00a0\u00bb, \u00e9voquant l\u2019utilisation d\u2019armes \u00ab\u00a0made in France\u00a0\u00bb au Y\u00e9men, dont des canons Caesar, des navires, des chars Leclerc ou des avions de combat qui \u00ab\u00a0pourraient\u00a0\u00bb utiliser des pods fran\u00e7ais de ciblage laser pour guider leurs bombes\u2026<\/p>\n<p>Le site a publi\u00e9 \u00ab\u00a0un plan de livraison\u00a0\u00bb de la soci\u00e9t\u00e9 fran\u00e7aise d\u2019armement Nexter portant sur des commandes de 24 canons Caesar en 2018 et 19 en 2019. Cependant, le fac-simil\u00e9 du document ne pr\u00e9cise pas la destination des livraisons.<\/p>\n<p>\u2013 De la Tamise au Havre \u2013<\/p>\n<p>Le Caesar est un camion \u00e9quip\u00e9 d\u2019un syst\u00e8me d\u2019artillerie, dont le Danemark notamment a souhait\u00e9 s\u2019\u00e9quiper.<\/p>\n<p>Une source gouvernementale fran\u00e7aise a affirm\u00e9 \u00e0 l\u2019AFP mardi que le cargo saoudien Bahri Yanbu, actuellement sur la Tamise pr\u00e8s de Londres, pouvait bien faire escale au Havre mais qu\u2019il \u00ab\u00a0ne peut pas s\u2019agir de canons Caesar puisqu\u2019il n\u2019y a aucune livraison de Caesar en cours\u00a0\u00bb.<\/p>\n<p>Mardi, le d\u00e9put\u00e9 communiste Jean-Paul Lecoq a interpell\u00e9 le gouvernement : \u00ab\u00a0Plus de 60.000 personnes ont \u00e9t\u00e9 tu\u00e9es et plus de 16 millions de Y\u00e9m\u00e9nites sont menac\u00e9s de famine (\u2026) Mais la France, au nom de sa diplomatie du porte-monnaie, continue \u00e0 vendre des armes \u00e0 l\u2019Arabie saoudite en toute opacit\u00e9\u00a0\u00bb.<\/p>\n<p>\u00ab\u00a0Pour preuve, au Havre est attendu le cargo Bahri Yanbu appartenant \u00e0 la compagnie nationale saoudienne pour embarquer des pi\u00e8ces d\u2019artillerie de fabrication fran\u00e7aise \u00e0 destination du port saoudien de Jeddah\u00a0\u00bb, a-t-il affirm\u00e9.<\/p>\n<p>\u00ab\u00a0Pouvez-vous informer les repr\u00e9sentants du peuple du chargement pr\u00e9vu au Havre en toute transparence?\u00a0\u00bb, a interrog\u00e9 le d\u00e9put\u00e9.<\/p>\n<p>\u00ab\u00a0Le gouvernement n\u2019a jamais ni\u00e9 l\u2019existence d\u2019armes d\u2019origine fran\u00e7aise au Y\u00e9men\u00a0\u00bb, a r\u00e9pondu la secr\u00e9taire d\u2019Etat aux arm\u00e9es, Genevi\u00e8ve Darrieussecq. \u00ab\u00a0Nous n\u2019avons pas de preuves que ces armes sont employ\u00e9es contre les populations civiles\u00a0\u00bb, a-t-elle martel\u00e9. La ligne officielle de Paris est que ces armes sont utilis\u00e9es de mani\u00e8re d\u00e9fensive et pas sur la ligne de front.<\/p>\n<p><ins data-revive-zoneid=\"9\" data-revive-id=\"10111e19d28d19d031742ee3b0b33eb0\"\/> <\/p>\n<p>Concernant le cargo Bahri Yanbu, la secr\u00e9taire d\u2019Etat r\u00e9pond qu&rsquo;\u00a0\u00bbil n\u2019est pas \u00e9tonnant qu\u2019un cargo saoudien s\u2019y arr\u00eate\u00a0\u00bb car le Havre est \u00ab\u00a0un port majeur qui entre autre accueille les cargos des pays du Golfe et dessert la r\u00e9gion du Moyen-Orient\u00a0\u00bb.<\/p>\n<p>L\u2019ensemble des parlementaires de gauche ont quitt\u00e9 l\u2019h\u00e9micycle en signe de protestation.<\/p>\n<p>\u2013 Droit de regard \u2013<\/p>\n<p>\u00ab\u00a0Ce n\u2019est pas n\u2019importe quelle guerre, c\u2019est une guerre au Y\u00e9men o\u00f9 les enfants meurent (\u2026) Je pense que le Parlement doit imp\u00e9rativement avoir le droit de regarder\u00a0\u00bb les exportations d\u2019armes, a r\u00e9agi le d\u00e9put\u00e9 de gauche Christian Hutin.<\/p>\n<p>Le Bahri Yanbu, actuellement \u00e0 quai dans le port de Tilbury, proche de Londres, a \u00e9t\u00e9 rep\u00e9r\u00e9 ce week-end dans le port d\u2019Anvers o\u00f9 des ONG belges soup\u00e7onnent la compagnie nationale saoudienne Bahri d\u2019avoir charg\u00e9 des armes ou des munitions \u00e0 destination de Ryad r\u00e9guli\u00e8rement depuis l\u2019\u00e9t\u00e9 dernier.<\/p>\n<p>\u00ab\u00a0On a la preuve que des munitions wallonnes sont sorties par le port d\u2019Anvers aux dates o\u00f9 il y avait un bateau saoudien, on suppute que c\u2019est ce bateau qui les a transport\u00e9es vers l\u2019Arabie saoudite, les chances sont assez grandes\u00a0\u00bb, a d\u00e9clar\u00e9 \u00e0 l\u2019AFP Manuel Lambert, du d\u00e9partement juridique de la Ligue des droits humains (LDH) belge.<\/p>\n<p>\u00ab\u00a0Si on apprend qu\u2019un nouveau bateau (de Bahri) arrive, on introduit une proc\u00e9dure en r\u00e9f\u00e9r\u00e9 pour le bloquer dans le port et \u00e9viter que des armes soient charg\u00e9es\u00a0\u00bb, a-t-il ajout\u00e9.<\/p>\n<p>Le conflit au Y\u00e9men a tu\u00e9 des dizaines de milliers de personnes, dont de nombreux civils, selon diverses organisations humanitaires.<\/p>\n<p>Environ 3,3 millions de personnes sont toujours d\u00e9plac\u00e9es et 24,1 millions, soit plus des deux tiers de la population, ont besoin d\u2019assistance, selon l\u2019ONU.<\/p>\n<p>burs-lp\/cf-ach\/jh<\/p>\n<\/div>\n<p>Auteur: AFP<br \/>\n<a href=\"https:\/\/www.journalducameroun.com\/fr\/armes-francaises-au-yemen-questions-autour-dun-cargo-saoudien-attendu-en-france\/\">Cliquez ici pour lire l&rsquo;article depuis sa source.<\/a><\/p>\n","protected":false},"excerpt":{"rendered":"<p>Publi\u00e9 le 07.05.2019 \u00e0 19h50 par AFP La controverse sur les livraisons d\u2019armes fran\u00e7aises \u00e0 l\u2019Arabie Saoudite, susceptibles de servir dans la guerre meurtri\u00e8re du royaume au Y\u00e9men, a rebondi mardi avec de nouvelles pr\u00e9cisions concernant un chargement imminent, d\u00e9menti par Paris. Interpell\u00e9e \u00e0 l\u2019Assembl\u00e9e nationale, la secr\u00e9taire d\u2019Etat fran\u00e7aise aux Arm\u00e9es a esquiv\u00e9 une [&hellip;]<\/p>\n","protected":false},"author":1965,"featured_media":0,"comment_status":"closed","ping_status":"closed","sticky":false,"template":"","format":"standard","meta":{"fifu_image_url":"","fifu_image_alt":"","footnotes":""},"categories":[73,82],"tags":[],"class_list":["post-32877","post","type-post","status-publish","format-standard","hentry","category-actualite","category-cameroun"],"_links":{"self":[{"href":"https:\/\/linitiative.ca\/International\/wp-json\/wp\/v2\/posts\/32877","targetHints":{"allow":["GET"]}}],"collection":[{"href":"https:\/\/linitiative.ca\/International\/wp-json\/wp\/v2\/posts"}],"about":[{"href":"https:\/\/linitiative.ca\/International\/wp-json\/wp\/v2\/types\/post"}],"author":[{"embeddable":true,"href":"https:\/\/linitiative.ca\/International\/wp-json\/wp\/v2\/users\/1965"}],"replies":[{"embeddable":true,"href":"https:\/\/linitiative.ca\/International\/wp-json\/wp\/v2\/comments?post=32877"}],"version-history":[{"count":0,"href":"https:\/\/linitiative.ca\/International\/wp-json\/wp\/v2\/posts\/32877\/revisions"}],"wp:attachment":[{"href":"https:\/\/linitiative.ca\/International\/wp-json\/wp\/v2\/media?parent=32877"}],"wp:term":[{"taxonomy":"category","embeddable":true,"href":"https:\/\/linitiative.ca\/International\/wp-json\/wp\/v2\/categories?post=32877"},{"taxonomy":"post_tag","embeddable":true,"href":"https:\/\/linitiative.ca\/International\/wp-json\/wp\/v2\/tags?post=32877"}],"curies":[{"name":"wp","href":"https:\/\/api.w.org\/{rel}","templated":true}]}}