{"id":32879,"date":"2019-05-07T14:50:05","date_gmt":"2019-05-07T18:50:05","guid":{"rendered":"https:\/\/linitiative.ca\/International\/senegal-deces-dun-chef-religieux-au-lendemain-de-sa-condamnation-a-10-ans-de-travaux-forces\/"},"modified":"2019-05-07T14:50:05","modified_gmt":"2019-05-07T18:50:05","slug":"senegal-deces-dun-chef-religieux-au-lendemain-de-sa-condamnation-a-10-ans-de-travaux-forces","status":"publish","type":"post","link":"https:\/\/linitiative.ca\/International\/senegal-deces-dun-chef-religieux-au-lendemain-de-sa-condamnation-a-10-ans-de-travaux-forces\/","title":{"rendered":"S\u00e9n\u00e9gal: d\u00e9c\u00e8s d\u2019un chef religieux au lendemain de sa condamnation \u00e0 10 ans de travaux forc\u00e9s"},"content":{"rendered":"<div readability=\"32\">\n<p>Publi\u00e9 le 07.05.2019 \u00e0 19h50 par AFP<\/p>\n<\/div>\n<div readability=\"97\">\n<p>Le chef religieux musulman s\u00e9n\u00e9galais Cheikh Bethio Thioune est d\u00e9c\u00e9d\u00e9 mardi en France, o\u00f9 il \u00e9tait soign\u00e9, au lendemain de sa condamnation \u00e0 10 ans de travaux forc\u00e9s pour \u00ab\u00a0complicit\u00e9\u00a0\u00bb dans le meurtre par des disciples en 2012 de deux d\u2019entre eux, a-t-on appris aupr\u00e8s d\u2019un de ses avocats.<\/p>\n<p>\u00ab\u00a0On m\u2019a confirm\u00e9 le d\u00e9c\u00e8s de Cheikh Bethio Thioune survenu aujourd\u2019hui mardi en France\u00a0\u00bb, a d\u00e9clar\u00e9 \u00e0 l\u2019AFP Me Mouhamadou Moustapha Dieng, confirmant une information de plusieurs m\u00e9dias s\u00e9n\u00e9galais.<\/p>\n<p>L\u2019avocat \u00e9tait membre du collectif de d\u00e9fense du guide religieux, n\u00e9 en 1940, \u00e0 son proc\u00e8s du 23 avril au 2 mai, au cours duquel 19 de ses fid\u00e8les ont comparu. En traitement m\u00e9dical \u00e0 Bordeaux (sud-ouest de la France) depuis janvier, selon ses conseils, le marabout avait \u00e9t\u00e9 jug\u00e9 en son absence.<\/p>\n<p>Lundi, la chambre criminelle du tribunal de grande instance de Mbour, \u00e0 80 km au sud-est de Dakar, l\u2019avait condamn\u00e9 \u00e0 10 ans de travaux forc\u00e9s pour \u00ab\u00a0complicit\u00e9 de meurtre\u00a0\u00bb et \u00ab\u00a0non-d\u00e9nonciation de crime\u00a0\u00bb.<\/p>\n<p>Cheikh Bethio Thioune, influent responsable mouride, une des plus puissantes confr\u00e9ries de l\u2019islam au S\u00e9n\u00e9gal, avait \u00e9t\u00e9 arr\u00eat\u00e9 le 23 avril 2012 \u00e0 la suite de la mort de deux de ses disciples lors d\u2019une rixe. Il avait ensuite b\u00e9n\u00e9fici\u00e9 d\u2019une libert\u00e9 provisoire en f\u00e9vrier 2013.<\/p>\n<p>Il clamait son innocence et entendait se d\u00e9fendre devant la justice de son pays d\u00e8s que son \u00e9tat de sant\u00e9 le permettrait, selon ses avocats.<\/p>\n<p><ins data-revive-zoneid=\"9\" data-revive-id=\"10111e19d28d19d031742ee3b0b33eb0\"\/> <\/p>\n<p>Son chambellan, Cheikh Faye, a \u00e9galement \u00e9t\u00e9 condamn\u00e9 \u00e0 10 ans de travaux forc\u00e9s pour complicit\u00e9 de meurtre et association de malfaiteurs. Dix autres pr\u00e9venus ont \u00e9t\u00e9 condamn\u00e9s pour meurtre \u00e0 15 ans de travaux forc\u00e9s et deux autres \u00e0 huit ans pour complicit\u00e9. Le tribunal avait prononc\u00e9 trois acquittements.<\/p>\n<p>Administrateur civil de formation, il \u00e9tait un des guides religieux s\u00e9n\u00e9galais les plus populaires dans le pays et en Afrique de l\u2019Ouest, en Europe et aux Etats-Unis, o\u00f9 il comptait de nombreux fid\u00e8les. Il avait officiellement sept femmes et 29 enfants.<\/p>\n<p>Selon le r\u00e9cit des avocats pendant les d\u00e9bats, il avait interdit \u00e0 l\u2019une des victimes l\u2019acc\u00e8s \u00e0 son domicile, lui reprochant une d\u00e9votion excessive \u00e0 son \u00e9gard \u2013 elle le comparait m\u00eame \u00e0 Dieu, et des \u00ab\u00a0insultes\u00a0\u00bb envers son propre p\u00e8re spirituel.<\/p>\n<p>L\u2019homme avait brav\u00e9 l\u2019interdiction et des fid\u00e8les s\u2019en \u00e9taient pris \u00e0 lui, le tuant avec l\u2019un de ses compagnons.<\/p>\n<\/div>\n<p>Auteur: AFP<br \/>\n<a href=\"https:\/\/www.journalducameroun.com\/fr\/senegal-deces-dun-chef-religieux-au-lendemain-de-sa-condamnation-a-10-ans-de-travaux-forces\/\">Cliquez ici pour lire l&rsquo;article depuis sa source.<\/a><\/p>\n","protected":false},"excerpt":{"rendered":"<p>Publi\u00e9 le 07.05.2019 \u00e0 19h50 par AFP Le chef religieux musulman s\u00e9n\u00e9galais Cheikh Bethio Thioune est d\u00e9c\u00e9d\u00e9 mardi en France, o\u00f9 il \u00e9tait soign\u00e9, au lendemain de sa condamnation \u00e0 10 ans de travaux forc\u00e9s pour \u00ab\u00a0complicit\u00e9\u00a0\u00bb dans le meurtre par des disciples en 2012 de deux d\u2019entre eux, a-t-on appris aupr\u00e8s d\u2019un de ses [&hellip;]<\/p>\n","protected":false},"author":1965,"featured_media":0,"comment_status":"closed","ping_status":"closed","sticky":false,"template":"","format":"standard","meta":{"fifu_image_url":"","fifu_image_alt":"","footnotes":""},"categories":[73,82],"tags":[],"class_list":["post-32879","post","type-post","status-publish","format-standard","hentry","category-actualite","category-cameroun"],"_links":{"self":[{"href":"https:\/\/linitiative.ca\/International\/wp-json\/wp\/v2\/posts\/32879","targetHints":{"allow":["GET"]}}],"collection":[{"href":"https:\/\/linitiative.ca\/International\/wp-json\/wp\/v2\/posts"}],"about":[{"href":"https:\/\/linitiative.ca\/International\/wp-json\/wp\/v2\/types\/post"}],"author":[{"embeddable":true,"href":"https:\/\/linitiative.ca\/International\/wp-json\/wp\/v2\/users\/1965"}],"replies":[{"embeddable":true,"href":"https:\/\/linitiative.ca\/International\/wp-json\/wp\/v2\/comments?post=32879"}],"version-history":[{"count":0,"href":"https:\/\/linitiative.ca\/International\/wp-json\/wp\/v2\/posts\/32879\/revisions"}],"wp:attachment":[{"href":"https:\/\/linitiative.ca\/International\/wp-json\/wp\/v2\/media?parent=32879"}],"wp:term":[{"taxonomy":"category","embeddable":true,"href":"https:\/\/linitiative.ca\/International\/wp-json\/wp\/v2\/categories?post=32879"},{"taxonomy":"post_tag","embeddable":true,"href":"https:\/\/linitiative.ca\/International\/wp-json\/wp\/v2\/tags?post=32879"}],"curies":[{"name":"wp","href":"https:\/\/api.w.org\/{rel}","templated":true}]}}