{"id":32880,"date":"2019-05-07T14:50:07","date_gmt":"2019-05-07T18:50:07","guid":{"rendered":"https:\/\/linitiative.ca\/International\/ebola-en-rdc-un-accident-mortel-perturbe-de-nouveau-la-riposte-a-butembo\/"},"modified":"2019-05-07T14:50:07","modified_gmt":"2019-05-07T18:50:07","slug":"ebola-en-rdc-un-accident-mortel-perturbe-de-nouveau-la-riposte-a-butembo","status":"publish","type":"post","link":"https:\/\/linitiative.ca\/International\/ebola-en-rdc-un-accident-mortel-perturbe-de-nouveau-la-riposte-a-butembo\/","title":{"rendered":"Ebola en RDC: un accident mortel perturbe de nouveau la riposte \u00e0 Butembo"},"content":{"rendered":"<div readability=\"32\">\n<p>Publi\u00e9 le 07.05.2019 \u00e0 19h50 par AFP<\/p>\n<\/div>\n<div readability=\"76\">\n<p>La mort d\u2019un conducteur de taxi-moto, apr\u00e8s collision avec un v\u00e9hicule d\u2019une \u00e9quipe de lutte contre Ebola, a paralys\u00e9 mardi les activit\u00e9s commerciales et celles de la riposte contre la maladie \u00e0 Butembo dans l\u2019est de la R\u00e9publique d\u00e9mocratique du Congo.<\/p>\n<p>\u00ab\u00a0Une jeep de la riposte contre Ebola a percut\u00e9 accidentellement un motard qui a \u00e9t\u00e9 tu\u00e9 sur place. Ses camarades ont jet\u00e9 des pierres sur l\u2019h\u00f4pital, lorsqu\u2019ils ramenaient le corps \u00e0 la morgue\u00a0\u00bb, a d\u00e9clar\u00e9 \u00e0 l\u2019AFP le Dr Chrisostome Shako de l\u2019h\u00f4pital g\u00e9n\u00e9ral de Matanda \u00e0 Butembo (Nord-Kivu, est).<\/p>\n<p>Le m\u00e9decin a estim\u00e9 que \u00ab\u00a0ces incidents vont impacter n\u00e9gativement les activit\u00e9s de riposte\u00a0\u00bb craignant que les \u00e9quipes de lutte contre Ebola ne soient la cible d\u2019attaques des conducteurs de taxi-motos.<\/p>\n<p>L\u2019\u00e9pid\u00e9mie d\u2019Ebola d\u00e9clar\u00e9e le 1er ao\u00fbt dans les provinces du Nord-Kivu et de l\u2019Ituri a fait au total 1.045 morts, d\u2019apr\u00e8s le dernier bilan du minist\u00e8re de la Sant\u00e9 dat\u00e9 de lundi.<\/p>\n<p>\u00ab\u00a0Toutes les activit\u00e9s dans la ville de Butembo ont \u00e9t\u00e9 paralys\u00e9es \u00e0 cause de cet accident d\u2019un motocycliste et un v\u00e9hicule de la riposte contre Ebola\u00a0\u00bb, a confirm\u00e9 le colonel Paul Polo Ngoma, chef de la police de Butembo.<\/p>\n<p><ins data-revive-zoneid=\"9\" data-revive-id=\"10111e19d28d19d031742ee3b0b33eb0\"\/> <\/p>\n<p>\u00ab\u00a0Des patrouilles mixtes de la police et de l\u2019arm\u00e9e sont d\u00e9ploy\u00e9es pour s\u00e9curiser la population et leurs biens\u00a0\u00bb, a indiqu\u00e9 l\u2019officier.<\/p>\n<p>Cel\u00e0 fait trois jours cons\u00e9cutifs que les activit\u00e9s de la lutte contre Ebola se d\u00e9roulent au ralenti \u00e0 cause de l\u2019ins\u00e9curit\u00e9 enregistr\u00e9e \u00e0 Butembo (un carrefour commercial) qui cible particuli\u00e8rement des \u00e9quipes de la riposte.<\/p>\n<p>Le ministre congolais de la Sant\u00e9 le Dr Oly Ilunga avait pr\u00e9venu que chaque fois qu\u2019il y aurait perturbation des activit\u00e9s de la riposte, il faudrait s\u2019attendre \u00e0 une flamb\u00e9e du nombre de nouveaux cas et du nombre de d\u00e9c\u00e8s.<\/p>\n<p>L\u2019actuelle \u00e9pid\u00e9mie d\u2019Ebola est la dixi\u00e8me enregistr\u00e9e sur le sol congolais depuis 1976. Elle est la deuxi\u00e8me plus grave apr\u00e8s celle qui a touch\u00e9 l\u2019Afrique de l\u2019ouest en 2014 (avec plus de 11.000 morts en Guin\u00e9e, Sierra Leone et au Liberia principalement).<\/p>\n<\/div>\n<p>Auteur: AFP<br \/>\n<a href=\"https:\/\/www.journalducameroun.com\/fr\/ebola-en-rdc-un-accident-mortel-perturbe-de-nouveau-la-riposte-a-butembo\/\">Cliquez ici pour lire l&rsquo;article depuis sa source.<\/a><\/p>\n","protected":false},"excerpt":{"rendered":"<p>Publi\u00e9 le 07.05.2019 \u00e0 19h50 par AFP La mort d\u2019un conducteur de taxi-moto, apr\u00e8s collision avec un v\u00e9hicule d\u2019une \u00e9quipe de lutte contre Ebola, a paralys\u00e9 mardi les activit\u00e9s commerciales et celles de la riposte contre la maladie \u00e0 Butembo dans l\u2019est de la R\u00e9publique d\u00e9mocratique du Congo. \u00ab\u00a0Une jeep de la riposte contre Ebola [&hellip;]<\/p>\n","protected":false},"author":1965,"featured_media":0,"comment_status":"closed","ping_status":"closed","sticky":false,"template":"","format":"standard","meta":{"fifu_image_url":"","fifu_image_alt":"","footnotes":""},"categories":[73,82],"tags":[],"class_list":["post-32880","post","type-post","status-publish","format-standard","hentry","category-actualite","category-cameroun"],"_links":{"self":[{"href":"https:\/\/linitiative.ca\/International\/wp-json\/wp\/v2\/posts\/32880","targetHints":{"allow":["GET"]}}],"collection":[{"href":"https:\/\/linitiative.ca\/International\/wp-json\/wp\/v2\/posts"}],"about":[{"href":"https:\/\/linitiative.ca\/International\/wp-json\/wp\/v2\/types\/post"}],"author":[{"embeddable":true,"href":"https:\/\/linitiative.ca\/International\/wp-json\/wp\/v2\/users\/1965"}],"replies":[{"embeddable":true,"href":"https:\/\/linitiative.ca\/International\/wp-json\/wp\/v2\/comments?post=32880"}],"version-history":[{"count":0,"href":"https:\/\/linitiative.ca\/International\/wp-json\/wp\/v2\/posts\/32880\/revisions"}],"wp:attachment":[{"href":"https:\/\/linitiative.ca\/International\/wp-json\/wp\/v2\/media?parent=32880"}],"wp:term":[{"taxonomy":"category","embeddable":true,"href":"https:\/\/linitiative.ca\/International\/wp-json\/wp\/v2\/categories?post=32880"},{"taxonomy":"post_tag","embeddable":true,"href":"https:\/\/linitiative.ca\/International\/wp-json\/wp\/v2\/tags?post=32880"}],"curies":[{"name":"wp","href":"https:\/\/api.w.org\/{rel}","templated":true}]}}