{"id":32905,"date":"2019-05-07T08:29:09","date_gmt":"2019-05-07T12:29:09","guid":{"rendered":"https:\/\/linitiative.ca\/International\/barrage-hydroelectrique-le-cas-lagdo-preoccupe\/"},"modified":"2019-05-07T08:29:09","modified_gmt":"2019-05-07T12:29:09","slug":"barrage-hydroelectrique-le-cas-lagdo-preoccupe","status":"publish","type":"post","link":"https:\/\/linitiative.ca\/International\/barrage-hydroelectrique-le-cas-lagdo-preoccupe\/","title":{"rendered":"Barrage hydro\u00e9lectrique : le cas Lagdo pr\u00e9occupe"},"content":{"rendered":"<div class=\"featured-area featured-area-inner\"><img loading=\"lazy\" decoding=\"async\" width=\"780\" height=\"405\" src=\"https:\/\/i2.wp.com\/ecomatin.net\/wp-content\/uploads\/2019\/05\/ecomatin.net-barrage-hydroelectrique-le-cas-lagdo-preoccupe-barrage-de-lagdo.jpg?resize=780%2C405&#038;ssl=1&#038;is-pending-load=1\" class=\"attachment-jannah-image-post size-jannah-image-post wp-post-image jetpack-lazy-image\" alt=\"\" data-attachment-id=\"7907\" data-permalink=\"https:\/\/ecomatin.net\/barrage-hydroelectrique-le-cas-lagdo-preoccupe\/barrage-de-lagdo\/\" data-orig-file=\"https:\/\/i2.wp.com\/ecomatin.net\/wp-content\/uploads\/2019\/05\/ecomatin.net-barrage-hydroelectrique-le-cas-lagdo-preoccupe-barrage-de-lagdo.jpg?fit=1900%2C1425&#038;ssl=1\" data-orig-size=\"1900,1425\" data-comments-opened=\"0\" data-image-meta=\"{\"aperture\":\"0\",\"credit\":\"\",\"camera\":\"\",\"caption\":\"\",\"created_timestamp\":\"0\",\"copyright\":\"\",\"focal_length\":\"0\",\"iso\":\"0\",\"shutter_speed\":\"0\",\"title\":\"\",\"orientation\":\"0\"}\" data-image-title=\"Barrage de lagdo\" data-image-description=\"\" data-medium-file=\"https:\/\/i2.wp.com\/ecomatin.net\/wp-content\/uploads\/2019\/05\/ecomatin.net-barrage-hydroelectrique-le-cas-lagdo-preoccupe-barrage-de-lagdo.jpg?fit=300%2C225&#038;ssl=1\" data-large-file=\"https:\/\/i2.wp.com\/ecomatin.net\/wp-content\/uploads\/2019\/05\/ecomatin.net-barrage-hydroelectrique-le-cas-lagdo-preoccupe-barrage-de-lagdo.jpg?fit=1024%2C768&#038;ssl=1\" data-lazy-srcset=\"https:\/\/i2.wp.com\/ecomatin.net\/wp-content\/uploads\/2019\/05\/ecomatin.net-barrage-hydroelectrique-le-cas-lagdo-preoccupe-barrage-de-lagdo.jpg?resize=780%2C405&#038;ssl=1 780w, https:\/\/i2.wp.com\/ecomatin.net\/wp-content\/uploads\/2019\/05\/ecomatin.net-barrage-hydroelectrique-le-cas-lagdo-preoccupe-barrage-de-lagdo.jpg?zoom=2&#038;resize=780%2C405&#038;ssl=1 1560w\" data-lazy-sizes=\"(max-width: 780px) 100vw, 780px\" srcset=\"data:image\/gif;base64,R0lGODlhAQABAIAAAAAAAP\/\/\/yH5BAEAAAAALAAAAAABAAEAAAIBRAA7\"\/><\/div>\n<div class=\"entry-content entry clearfix\" readability=\"67\">\n<p>Flanqu\u00e9 des directeurs g\u00e9n\u00e9raux de Electricity Development Corporation (<strong>Edc<\/strong>), <strong>Th\u00e9odore Nsangou<\/strong>, d\u2019<strong>Eneo Cameroon<\/strong>, <strong>Jo\u00ebl Nana Kontchou<\/strong>, de la Cameroon Water Utilities (<strong>Camwater<\/strong>), <strong>Gervais Bolenga<\/strong> et de plusieurs experts de son d\u00e9partement minist\u00e9riel, le ministre de l\u2019Eau et de l\u2019Energie, <strong>Gaston Eloundou Essomba<\/strong>, s\u00e9journe depuis lundi dernier, 06 mai, dans la r\u00e9gion de l\u2019Adamaoua, pour dresser un \u00e9tat des lieux du niveau de d\u00e9gradation du <strong>barrage hydro\u00e9lectrique de Lagdo<\/strong>, en vue de sa r\u00e9habilitation imm\u00e9diate.<\/p>\n<p>D\u2019une puissance install\u00e9e de <strong>72 Mw<\/strong> d\u2019\u00e9lectricit\u00e9, cet ouvrage construit entre 1977 et 1982, sur le fleuve B\u00e9nou\u00e9. Depuis une dizaine d\u2019ann\u00e9e, il produit moins de la moiti\u00e9 de sa capacit\u00e9. Cons\u00e9quence, les trois r\u00e9gions septentrionales vivent une crise \u00e9nerg\u00e9tique aigu\u00eb depuis plusieurs ann\u00e9es, laquelle crise est r\u00e9guli\u00e8rement aggrav\u00e9e par une faible pluviom\u00e9trie dans cette partie du pays.<\/p>\n<p>En visite \u00e0 Lagdo il y a quelques mois, le directeur g\u00e9n\u00e9ral d\u2019Edc, \u00e0 qui le secr\u00e9taire g\u00e9n\u00e9ral de la pr\u00e9sidence de la R\u00e9publique a confi\u00e9 la r\u00e9habilitation de cette infrastructure depuis 2016, a indiqu\u00e9 que tous \u00e9quipements du barrage sont v\u00e9tustes. Il a par ailleurs sugg\u00e9r\u00e9 le remplacement de toutes les turbines. Le montant de cette r\u00e9habilitation s\u2019\u00e9l\u00e8ve \u00e0 <strong>60 milliards Fcfa<\/strong>, selon Th\u00e9odore Nsangou. Eloundou Essomba entend non seulement remettre \u00e0 flot cette infrastructure, mais \u00e9galement augmenter sa puissance de production.<\/p>\n<div class=\"about-author about-author-box container-wrapper\">\n<div class=\"author-avatar\">\n<p><img decoding=\"async\" src=\"http:\/\/\" alt=\"\"\/><\/p>\n<\/div>\n<p><h4>La R\u00e9daction EcoMatin<\/h4>\n<\/p>\n<\/div>\n<div class=\"awac-wrapper awac widget blog_subscription-2\">\n<h4 class=\"widget-title\">Abonnez-vous \u00e0 notre lettre d&rsquo;information<\/h4>\n<\/div>\n<\/div>\n<div class=\"toggle-post-content clearfix\"><a id=\"toggle-post-button\" class=\"button\" href=\"#\">Afficher plus <\/a><\/div>\n<p>Auteur: EcoMatin<br \/>\n<a href=\"https:\/\/ecomatin.net\/barrage-hydroelectrique-le-cas-lagdo-preoccupe\/\">Cliquez ici pour lire l&rsquo;article depuis sa source.<\/a><\/p>\n","protected":false},"excerpt":{"rendered":"<p>Flanqu\u00e9 des directeurs g\u00e9n\u00e9raux de Electricity Development Corporation (Edc), Th\u00e9odore Nsangou, d\u2019Eneo Cameroon, Jo\u00ebl Nana Kontchou, de la Cameroon Water Utilities (Camwater), Gervais Bolenga et de plusieurs experts de son d\u00e9partement minist\u00e9riel, le ministre de l\u2019Eau et de l\u2019Energie, Gaston Eloundou Essomba, s\u00e9journe depuis lundi dernier, 06 mai, dans la r\u00e9gion de l\u2019Adamaoua, pour dresser [&hellip;]<\/p>\n","protected":false},"author":1969,"featured_media":0,"comment_status":"closed","ping_status":"closed","sticky":false,"template":"","format":"standard","meta":{"fifu_image_url":"","fifu_image_alt":"","footnotes":""},"categories":[82,78],"tags":[],"class_list":["post-32905","post","type-post","status-publish","format-standard","hentry","category-cameroun","category-economie"],"_links":{"self":[{"href":"https:\/\/linitiative.ca\/International\/wp-json\/wp\/v2\/posts\/32905","targetHints":{"allow":["GET"]}}],"collection":[{"href":"https:\/\/linitiative.ca\/International\/wp-json\/wp\/v2\/posts"}],"about":[{"href":"https:\/\/linitiative.ca\/International\/wp-json\/wp\/v2\/types\/post"}],"author":[{"embeddable":true,"href":"https:\/\/linitiative.ca\/International\/wp-json\/wp\/v2\/users\/1969"}],"replies":[{"embeddable":true,"href":"https:\/\/linitiative.ca\/International\/wp-json\/wp\/v2\/comments?post=32905"}],"version-history":[{"count":0,"href":"https:\/\/linitiative.ca\/International\/wp-json\/wp\/v2\/posts\/32905\/revisions"}],"wp:attachment":[{"href":"https:\/\/linitiative.ca\/International\/wp-json\/wp\/v2\/media?parent=32905"}],"wp:term":[{"taxonomy":"category","embeddable":true,"href":"https:\/\/linitiative.ca\/International\/wp-json\/wp\/v2\/categories?post=32905"},{"taxonomy":"post_tag","embeddable":true,"href":"https:\/\/linitiative.ca\/International\/wp-json\/wp\/v2\/tags?post=32905"}],"curies":[{"name":"wp","href":"https:\/\/api.w.org\/{rel}","templated":true}]}}