{"id":32921,"date":"2019-05-08T06:02:47","date_gmt":"2019-05-08T10:02:47","guid":{"rendered":"https:\/\/linitiative.ca\/International\/les-rouges-accueillis-en-heros-a-leur-retour-a-casablanca\/"},"modified":"2019-05-08T06:02:47","modified_gmt":"2019-05-08T10:02:47","slug":"les-rouges-accueillis-en-heros-a-leur-retour-a-casablanca","status":"publish","type":"post","link":"https:\/\/linitiative.ca\/International\/les-rouges-accueillis-en-heros-a-leur-retour-a-casablanca\/","title":{"rendered":"Les Rouges accueillis en h\u00e9ros \u00e0 leur retour \u00e0 Casablanca"},"content":{"rendered":"<p class=\"c4\"><span class=\"c3\"><strong><span class=\"c2\">L<\/span>e public du Wydad de Casablanca a r\u00e9serv\u00e9 un accueil des plus chaleureux aux joueurs des \u00abRouges et Blancs\u00bb, lundi dernier, \u00e0 l\u2019a\u00e9roport Mohammed V, \u00e0 leur retour de Pretoria avec en poche la qualification en finale de la Ligue des Champions de football.<\/strong><\/span><\/p>\n<p class=\"c4\">Les Wydadis, finalistes de cette nouvelle \u00e9dition de la Champions League en 2019, ont eu droit un accueil en grande pompe \u00e0 l\u2019a\u00e9roport Mohammed V de Casablanca. Joueurs, staff technique et tous les membres de la d\u00e9l\u00e9gation du WAC ont \u00e9t\u00e9 chaleureusement f\u00e9licit\u00e9s par les nombreux supporters des Rouges pr\u00e9sents sur place.<\/p>\n<p class=\"c4\">C\u2019\u00e9tait lundi, deux jours apr\u00e8s que le WAC ait fait le n\u00e9cessaire contre les Sud-africains de Mamelodi Sandows en arrachant le nul blanc lors de la demi-finale \u00abretour\u00bb dans leur fief \u00e0 Pretoria, conservant ainsi la victoire du match \u00abretour\u00bb de (2-1) r\u00e9alis\u00e9e \u00e0 Rabat.<\/p>\n<p class=\"c4\">Le WAC pense aujourd\u2019hui \u00e0 son prochain adversaire, l\u2019Esp\u00e9rance de Tunis, contre lequel il va croiser le fer en fin de compte.<\/p>\n<p class=\"c4\">Heureux donc qui comme ces Wydadis qui vont assurer la pr\u00e9sence du Maroc en Ligue des Champions pour la 4<sup>e<\/sup> fois de leur histoire avec 2 titres remport\u00e9s au d\u00e9triment d\u2019Al Hilal du Soudan en 1992 et Al Ahly d\u2019Egypte en 2017. Le hasard a toujours voulu que le WAC joue ses finales continentales contre des clubs arabes puisque l\u2019autre finale en 2011 l\u2019a \u00e9t\u00e9 contre cette m\u00eame formation de l\u2019Esp\u00e9rance Tunis qui avait remport\u00e9 le titre \u00e0 Rad\u00e8s (1-0) apr\u00e8s le nul blanc (0-0) \u00e0 Casablanca.<\/p>\n<p class=\"c4\">En 2019, ce sera donc la revanche pour le WAC ou la confirmation pour l\u2019EST. Les chances restent \u00e9gales pour les deux protagonistes qui veulent retrouver le chemin de la gloire. L\u2019EST qui est d\u00e9tentrice du titre en 2018 restait sur deux autres sacres en 1994 et 2011 tout en jouant 4 finales en 2012, 2010, 2000 et l\u2019\u00e9dition de 1999 perdue face au Raja Casablanca au stade El Menzeh.<\/p>\n<p class=\"c4\">Le WAC, lui, vise un 3<sup>e<\/sup> sacre pour enrichir son palmar\u00e8s et \u00e9galer le nombre de victoires de son voisin rajaoui vainqueur \u00a0de cette comp\u00e9tition \u00e0 3 reprises lors du si\u00e8cle pr\u00e9c\u00e9dent (1999, 1997 et 1989).<\/p>\n<p class=\"c4\">C\u2019est donc un nouveau d\u00e9fi pour le WAC qui se trouve dans une mission difficile mais pas impossible afin de d\u00e9fier l\u2019adversaire tunisien m\u00eame si ce dernier ne semble pas pr\u00eat \u00e0 subir une seconde d\u00e9faite en 2 mois face \u00e0 des clubs marocains apr\u00e8s la supercoupe d\u2019Afrique remport\u00e9e par le Raja Casablanca en mars dernier \u00e0 Doha.<\/p>\n<p class=\"c4\">Pour le moment, place \u00e0 la f\u00eate de cette belle qualification des Wydadis en attendant le verdict d\u2019une finale des plus prometteuses m\u00eame si l\u2019aller est pr\u00e9vu \u00e0 Casablanca le 25 mai et le \u00ab\u00a0retour\u00a0\u00bb est programm\u00e9 \u00e0 Tunis le 31 du m\u00eame mois.<\/p>\n<p class=\"c4\">Que la f\u00eate continue pour le football marocain qui est tellement heureux d\u2019avoir deux clubs en finales continentales avec l\u2019autre formation de Berkane qui vient de r\u00e9ussir un premier exploit dans son histoire. La RSB qualifi\u00e9e en finale de la Coupe de la CAF contre le Zamalek d\u2019Egypte cherchera son premier sacre continental de l\u2019histoire pour succ\u00e9der au Raja d\u00e9tenteur du titre. Cela m\u00eame si les Orangers vont jouer la finale \u00aballer\u00bb \u00e0 domicile avant de penser au titre dans le fief des \u00abPharaons\u00bb\u2026<\/p>\n<p class=\"c5\"><strong>Rochdi Ben Mhammed<\/strong><\/p>\n<p>Auteur: rahal mehamed<br \/>\n<a href=\"http:\/\/albayane.press.ma\/les-rouges-accueillis-en-heros-a-leur-retour-a-casablanca.html\">Cliquez ici pour lire l&rsquo;article depuis sa source.<\/a><\/p>\n","protected":false},"excerpt":{"rendered":"<p>Le public du Wydad de Casablanca a r\u00e9serv\u00e9 un accueil des plus chaleureux aux joueurs des \u00abRouges et Blancs\u00bb, lundi dernier, \u00e0 l\u2019a\u00e9roport Mohammed V, \u00e0 leur retour de Pretoria avec en poche la qualification en finale de la Ligue des Champions de football. Les Wydadis, finalistes de cette nouvelle \u00e9dition de la Champions League [&hellip;]<\/p>\n","protected":false},"author":1760,"featured_media":0,"comment_status":"closed","ping_status":"closed","sticky":false,"template":"","format":"standard","meta":{"fifu_image_url":"","fifu_image_alt":"","footnotes":""},"categories":[73,54],"tags":[],"class_list":["post-32921","post","type-post","status-publish","format-standard","hentry","category-actualite","category-maroc"],"_links":{"self":[{"href":"https:\/\/linitiative.ca\/International\/wp-json\/wp\/v2\/posts\/32921","targetHints":{"allow":["GET"]}}],"collection":[{"href":"https:\/\/linitiative.ca\/International\/wp-json\/wp\/v2\/posts"}],"about":[{"href":"https:\/\/linitiative.ca\/International\/wp-json\/wp\/v2\/types\/post"}],"author":[{"embeddable":true,"href":"https:\/\/linitiative.ca\/International\/wp-json\/wp\/v2\/users\/1760"}],"replies":[{"embeddable":true,"href":"https:\/\/linitiative.ca\/International\/wp-json\/wp\/v2\/comments?post=32921"}],"version-history":[{"count":0,"href":"https:\/\/linitiative.ca\/International\/wp-json\/wp\/v2\/posts\/32921\/revisions"}],"wp:attachment":[{"href":"https:\/\/linitiative.ca\/International\/wp-json\/wp\/v2\/media?parent=32921"}],"wp:term":[{"taxonomy":"category","embeddable":true,"href":"https:\/\/linitiative.ca\/International\/wp-json\/wp\/v2\/categories?post=32921"},{"taxonomy":"post_tag","embeddable":true,"href":"https:\/\/linitiative.ca\/International\/wp-json\/wp\/v2\/tags?post=32921"}],"curies":[{"name":"wp","href":"https:\/\/api.w.org\/{rel}","templated":true}]}}