{"id":32939,"date":"2019-05-08T06:00:00","date_gmt":"2019-05-08T10:00:00","guid":{"rendered":"https:\/\/linitiative.ca\/International\/1-800-policiers-mobilises\/"},"modified":"2019-05-08T06:00:00","modified_gmt":"2019-05-08T10:00:00","slug":"1-800-policiers-mobilises","status":"publish","type":"post","link":"https:\/\/linitiative.ca\/International\/1-800-policiers-mobilises\/","title":{"rendered":"1  800 policiers mobilis\u00e9s"},"content":{"rendered":"<div id=\"originalText\" readability=\"42\">\n<p class=\"c10\">La S\u00fbret\u00e9 de wilaya de A\u00efn T\u00e9mouchent a \u00e9labor\u00e9 un plan de s\u00e9curit\u00e9 pr\u00e9ventif sur l\u2019ensemble du territoire de la wilaya avec la mobilisation de 1 800 policiers appel\u00e9s \u00e0 s\u00e9curiser et prot\u00e9ger les bien et les personnes \u00e0 l\u2019occasion de ce mois sacr\u00e9 de Ramadhan 2019. \u00c0 ce titre, des mesures pr\u00e9ventives visant \u00e0 offrir les conditions de s\u00e9curit\u00e9 ont \u00e9t\u00e9 prises \u00e0 travers la mise en place d\u2019un plan s\u00e9curitaire avec la mobilisation des \u00e9quipes de s\u00e9curit\u00e9 fixes et mobiles \u00e0 travers les art\u00e8res principales et les places publiques qui connaissent un engouement des familles, particuli\u00e8rement en soir\u00e9e, ainsi que la s\u00e9curisation des manifestations culturelles et artistiques programm\u00e9es pour la circonstance avec une intensification des patrouilles p\u00e9destres et mobiles, et la s\u00e9curisation des d\u00e9placements des citoyens au niveau des gares de voyageurs, des chemins de fer et des stations de taxis, des banques et des bureaux de poste avec des descentes nocturnes dans les quartiers chauds pour prot\u00e9ger les familles de toute sorte d\u2019agression ou de vol, la r\u00e9gulation de la circulation sur les principaux axes \u00e0 forte densit\u00e9 de trafic afin d\u2019assurer sa fluidit\u00e9.\u00a0<br \/>\u00a0<\/p>\n<p class=\"c11\"><strong>M. LARADJ<\/strong><\/p>\n<\/div>\n<div id=\"text_core\" readability=\"42\">\n<p class=\"c10\">La S\u00fbret\u00e9 de wilaya de A\u00efn T\u00e9mouchent a \u00e9labor\u00e9 un plan de s\u00e9curit\u00e9 pr\u00e9ventif sur l\u2019ensemble du territoire de la wilaya avec la mobilisation de 1 800 policiers appel\u00e9s \u00e0 s\u00e9curiser et prot\u00e9ger les bien et les personnes \u00e0 l\u2019occasion de ce mois sacr\u00e9 de Ramadhan 2019. \u00c0 ce titre, des mesures pr\u00e9ventives visant \u00e0 offrir les conditions de s\u00e9curit\u00e9 ont \u00e9t\u00e9 prises \u00e0 travers la mise en place d\u2019un plan s\u00e9curitaire avec la mobilisation des \u00e9quipes de s\u00e9curit\u00e9 fixes et mobiles \u00e0 travers les art\u00e8res principales et les places publiques qui connaissent un engouement des familles, particuli\u00e8rement en soir\u00e9e, ainsi que la s\u00e9curisation des manifestations culturelles et artistiques programm\u00e9es pour la circonstance avec une intensification des patrouilles p\u00e9destres et mobiles, et la s\u00e9curisation des d\u00e9placements des citoyens au niveau des gares de voyageurs, des chemins de fer et des stations de taxis, des banques et des bureaux de poste avec des descentes nocturnes dans les quartiers chauds pour prot\u00e9ger les familles de toute sorte d\u2019agression ou de vol, la r\u00e9gulation de la circulation sur les principaux axes \u00e0 forte densit\u00e9 de trafic afin d\u2019assurer sa fluidit\u00e9.\u00a0<br \/>\u00a0<\/p>\n<p class=\"c11\"><strong>M. LARADJ<\/strong><\/p>\n<\/div>\n<p>Auteur:<br \/>\n<a href=\"https:\/\/www.liberte-algerie.com\/ouest\/1-800-policiers-mobilises-315394\">Cliquez ici pour lire l&rsquo;article depuis sa source.<\/a><\/p>\n","protected":false},"excerpt":{"rendered":"<p>La S\u00fbret\u00e9 de wilaya de A\u00efn T\u00e9mouchent a \u00e9labor\u00e9 un plan de s\u00e9curit\u00e9 pr\u00e9ventif sur l\u2019ensemble du territoire de la wilaya avec la mobilisation de 1 800 policiers appel\u00e9s \u00e0 s\u00e9curiser et prot\u00e9ger les bien et les personnes \u00e0 l\u2019occasion de ce mois sacr\u00e9 de Ramadhan 2019. \u00c0 ce titre, des mesures pr\u00e9ventives visant \u00e0 [&hellip;]<\/p>\n","protected":false},"author":1742,"featured_media":0,"comment_status":"closed","ping_status":"closed","sticky":false,"template":"","format":"standard","meta":{"fifu_image_url":"","fifu_image_alt":"","footnotes":""},"categories":[73,53],"tags":[],"class_list":["post-32939","post","type-post","status-publish","format-standard","hentry","category-actualite","category-algerie"],"_links":{"self":[{"href":"https:\/\/linitiative.ca\/International\/wp-json\/wp\/v2\/posts\/32939","targetHints":{"allow":["GET"]}}],"collection":[{"href":"https:\/\/linitiative.ca\/International\/wp-json\/wp\/v2\/posts"}],"about":[{"href":"https:\/\/linitiative.ca\/International\/wp-json\/wp\/v2\/types\/post"}],"author":[{"embeddable":true,"href":"https:\/\/linitiative.ca\/International\/wp-json\/wp\/v2\/users\/1742"}],"replies":[{"embeddable":true,"href":"https:\/\/linitiative.ca\/International\/wp-json\/wp\/v2\/comments?post=32939"}],"version-history":[{"count":0,"href":"https:\/\/linitiative.ca\/International\/wp-json\/wp\/v2\/posts\/32939\/revisions"}],"wp:attachment":[{"href":"https:\/\/linitiative.ca\/International\/wp-json\/wp\/v2\/media?parent=32939"}],"wp:term":[{"taxonomy":"category","embeddable":true,"href":"https:\/\/linitiative.ca\/International\/wp-json\/wp\/v2\/categories?post=32939"},{"taxonomy":"post_tag","embeddable":true,"href":"https:\/\/linitiative.ca\/International\/wp-json\/wp\/v2\/tags?post=32939"}],"curies":[{"name":"wp","href":"https:\/\/api.w.org\/{rel}","templated":true}]}}