{"id":32941,"date":"2019-05-08T06:00:00","date_gmt":"2019-05-08T10:00:00","guid":{"rendered":"https:\/\/linitiative.ca\/International\/ma-demarche-artistique-vise-a-batir-une-passerelle-entre-les-cultures\/"},"modified":"2019-05-08T06:00:00","modified_gmt":"2019-05-08T10:00:00","slug":"ma-demarche-artistique-vise-a-batir-une-passerelle-entre-les-cultures","status":"publish","type":"post","link":"https:\/\/linitiative.ca\/International\/ma-demarche-artistique-vise-a-batir-une-passerelle-entre-les-cultures\/","title":{"rendered":"\u201cMa d\u00e9marche artistique vise \u00e0 b\u00e2tir une passerelle entre les cultures\u201d"},"content":{"rendered":"<div id=\"originalText\" readability=\"105\">\n<p class=\"c10\"><strong>N\u00e9e \u00e0 Montmorency, en Ile-de-France, de parents originaires de Medjana (Bordj Bou-Arr\u00e9ridj), Dalila Ammari Chaieb, titulaire d\u2019un Deug en droit, a travaill\u00e9 durant 20 ans dans le secteur bancaire avant de s\u2019int\u00e9resser aux arts et techniques du verre qui deviendront sa nouvelle passion.<\/strong><\/p>\n<p class=\"c10\"><strong>Libert\u00e9 : De juriste \u00e0 artiste, une vraie m\u00e9tamorphose !\u00a0<\/strong><br \/><strong>Dalila Ammari Chaieb<\/strong> : J\u2019ai toujours \u00e9t\u00e9 attir\u00e9e par l\u2019art. \u00c0 20 ans, j\u2019ai suivi des cours de dessin chez un peintre florentin, puis de peinture chez Fran\u00e7oise Charreau Bougy. En 2009, je m\u2019oriente vers une carri\u00e8re artistique o\u00f9 je trouve mon \u00e9panouissement. J\u2019ai suivi une formation intensive d\u2019une ann\u00e9e aupr\u00e8s du ma\u00eetre verrier Marc Grossweiter \u00e0 Paris et j\u2019obtiens en 2010 le dipl\u00f4me des arts et techniques du verre\/option vitrailliste.<\/p>\n<p class=\"c10\"><strong>Pourquoi le choix du verre ?<\/strong><br \/>En 2008, je me suis mise en qu\u00eate d\u2019une formation alliant artisanat d\u2019art et cr\u00e9ation artistique. Lorsque j\u2019ai d\u00e9couvert le vitrail, cela a \u00e9t\u00e9 une \u00e9vidence, et mon imaginaire m\u2019a instinctivement port\u00e9e vers les images de vitraux anciens de Syrie, du Y\u00e9men, d\u2019Iran, de France et d\u2019ailleurs, enfouies dans ma m\u00e9moire. Je trouve int\u00e9ressant de mettre en parall\u00e8le l\u2019art m\u00e9di\u00e9val qu\u2019est le vitrail, un savoir-faire ancestral, et l\u2019art contemporain.\u00a0<\/p>\n<p><strong>Quelles sont les techniques que vous utilisez ?<\/strong><br \/>Sans aller dans les d\u00e9tails, l\u2019art du vitrail utilise des mat\u00e9riaux et des techniques physiquement \u00e9prouvantes : c\u2019est un art est tr\u00e8s dur entre coupe du verre, sertissage de plomb, fusion de verres supperpos\u00e9s, sablage, masticage, soudure et gravure. Plomb, cuivre et \u00e9tain\u2026, port\u00e9s \u00e0 de hautes temp\u00e9ratures, sont utilis\u00e9s. Le travail met la patience \u00e0 rude \u00e9preuve. Un vitrail peut \u00e9galement \u00eatre orn\u00e9 de peinture.<\/p>\n<p class=\"c10\"><strong>Avec le recul, heureuse de votre r\u00e9orientation professionnelle ?<\/strong><br \/>J\u2019ai quitt\u00e9 le secteur bancaire pour la passion artistique. J\u2019ai cr\u00e9\u00e9 mon activit\u00e9 en 2010 en statut d\u2019auto-entrepreneur sur le principe \u201cil vaut mieux vivre ses r\u00eaves que r\u00eaver sa vie\u201d. Membre de la Maison des artistes \u00e0 Paris, j\u2019ai d\u00fb compl\u00e9ter mon activit\u00e9 artistique avec un \u201cjob alimentaire\u201d car, pour le moment, je ne vis pas que de mon art, mais je garde fermement espoir. De 2013 \u00e0 ce jour, j\u2019ai particip\u00e9 \u00e0 de nombreuses expositions \u00e0 Paris et en province. La cr\u00e9ation exige du temps et de l\u2019\u00e9nergie. Mes principales distinctions sont le prix Couleurs d\u2019art pour l\u2019ensemble de mon \u0153uvre re\u00e7u en 2012 et 2015 au Salon des peintres et sculpteurs de Groslay et le prix de la Technique au concours artistique de Montmorency en 2013.<\/p>\n<p class=\"c10\"><strong>Votre art, universaliste, s\u2019inspire de votre culture d\u2019origine\u2026<\/strong><br \/>Mes origines alg\u00e9riennes insufflent in\u00e9vitablement leur empreinte \u00e0 mes cr\u00e9ations. Si ma patrie d\u2019adoption est la France, ma patrie biologique est alg\u00e9rienne et mes cr\u00e9ations refl\u00e8tent souvent un accent orientaliste. Ma d\u00e9marche artistique vise \u00e0 b\u00e2tir une passerelle entre les diff\u00e9rentes cultures. Mon art sert \u00e9galement la cause de l\u2019\u00e9mancipation des femmes partout dans le monde.\u00a0<br \/>Au travers de vitraux emprunts de motifs v\u00e9g\u00e9taux et g\u00e9om\u00e9triques, je fais r\u00e9f\u00e9rence \u00e0 l\u2019\u00e9cologie et par extension \u00e0 une vision spirituelle, une notion mystique d\u2019un univers enti\u00e8rement con\u00e7u et organis\u00e9 par une intelligence c\u00e9leste. Impr\u00e9gn\u00e9 de lumi\u00e8re, le vitrail perd de sa mat\u00e9rialit\u00e9 pour se transformer en message suggestif ; aussi, j\u2019oppose \u00e0 la r\u00e9pression et la d\u00e9possession, la lumi\u00e8re et les couleurs. Les graphies de paix, \u201csalam\u201d, et de libert\u00e9 \u201cel hurriya\u201d symbolisent l\u2019antidote au tragique et \u00e0 la n\u00e9gation de la libert\u00e9.\u00a0<br \/>Le vitrail est encore dans l\u2019inconscient collectif, \u00e0 ce jour, associ\u00e9 au religieux, alors qu\u2019il rev\u00eat \u00e9galement un aspect profane. Il s\u2019invite de plus en plus dans les espaces civils dans un but d\u00e9coratif.<\/p>\n<\/div>\n<div id=\"text_core\" readability=\"105\">\n<p class=\"c10\"><strong>N\u00e9e \u00e0 Montmorency, en Ile-de-France, de parents originaires de Medjana (Bordj Bou-Arr\u00e9ridj), Dalila Ammari Chaieb, titulaire d\u2019un Deug en droit, a travaill\u00e9 durant 20 ans dans le secteur bancaire avant de s\u2019int\u00e9resser aux arts et techniques du verre qui deviendront sa nouvelle passion.<\/strong><\/p>\n<p class=\"c10\"><strong>Libert\u00e9 : De juriste \u00e0 artiste, une vraie m\u00e9tamorphose !\u00a0<\/strong><br \/><strong>Dalila Ammari Chaieb<\/strong> : J\u2019ai toujours \u00e9t\u00e9 attir\u00e9e par l\u2019art. \u00c0 20 ans, j\u2019ai suivi des cours de dessin chez un peintre florentin, puis de peinture chez Fran\u00e7oise Charreau Bougy. En 2009, je m\u2019oriente vers une carri\u00e8re artistique o\u00f9 je trouve mon \u00e9panouissement. J\u2019ai suivi une formation intensive d\u2019une ann\u00e9e aupr\u00e8s du ma\u00eetre verrier Marc Grossweiter \u00e0 Paris et j\u2019obtiens en 2010 le dipl\u00f4me des arts et techniques du verre\/option vitrailliste.<\/p>\n<p class=\"c10\"><strong>Pourquoi le choix du verre ?<\/strong><br \/>En 2008, je me suis mise en qu\u00eate d\u2019une formation alliant artisanat d\u2019art et cr\u00e9ation artistique. Lorsque j\u2019ai d\u00e9couvert le vitrail, cela a \u00e9t\u00e9 une \u00e9vidence, et mon imaginaire m\u2019a instinctivement port\u00e9e vers les images de vitraux anciens de Syrie, du Y\u00e9men, d\u2019Iran, de France et d\u2019ailleurs, enfouies dans ma m\u00e9moire. Je trouve int\u00e9ressant de mettre en parall\u00e8le l\u2019art m\u00e9di\u00e9val qu\u2019est le vitrail, un savoir-faire ancestral, et l\u2019art contemporain.\u00a0<\/p>\n<p><strong>Quelles sont les techniques que vous utilisez ?<\/strong><br \/>Sans aller dans les d\u00e9tails, l\u2019art du vitrail utilise des mat\u00e9riaux et des techniques physiquement \u00e9prouvantes : c\u2019est un art est tr\u00e8s dur entre coupe du verre, sertissage de plomb, fusion de verres supperpos\u00e9s, sablage, masticage, soudure et gravure. Plomb, cuivre et \u00e9tain\u2026, port\u00e9s \u00e0 de hautes temp\u00e9ratures, sont utilis\u00e9s. Le travail met la patience \u00e0 rude \u00e9preuve. Un vitrail peut \u00e9galement \u00eatre orn\u00e9 de peinture.<\/p>\n<p class=\"c10\"><strong>Avec le recul, heureuse de votre r\u00e9orientation professionnelle ?<\/strong><br \/>J\u2019ai quitt\u00e9 le secteur bancaire pour la passion artistique. J\u2019ai cr\u00e9\u00e9 mon activit\u00e9 en 2010 en statut d\u2019auto-entrepreneur sur le principe \u201cil vaut mieux vivre ses r\u00eaves que r\u00eaver sa vie\u201d. Membre de la Maison des artistes \u00e0 Paris, j\u2019ai d\u00fb compl\u00e9ter mon activit\u00e9 artistique avec un \u201cjob alimentaire\u201d car, pour le moment, je ne vis pas que de mon art, mais je garde fermement espoir. De 2013 \u00e0 ce jour, j\u2019ai particip\u00e9 \u00e0 de nombreuses expositions \u00e0 Paris et en province. La cr\u00e9ation exige du temps et de l\u2019\u00e9nergie. Mes principales distinctions sont le prix Couleurs d\u2019art pour l\u2019ensemble de mon \u0153uvre re\u00e7u en 2012 et 2015 au Salon des peintres et sculpteurs de Groslay et le prix de la Technique au concours artistique de Montmorency en 2013.<\/p>\n<p class=\"c10\"><strong>Votre art, universaliste, s\u2019inspire de votre culture d\u2019origine\u2026<\/strong><br \/>Mes origines alg\u00e9riennes insufflent in\u00e9vitablement leur empreinte \u00e0 mes cr\u00e9ations. Si ma patrie d\u2019adoption est la France, ma patrie biologique est alg\u00e9rienne et mes cr\u00e9ations refl\u00e8tent souvent un accent orientaliste. Ma d\u00e9marche artistique vise \u00e0 b\u00e2tir une passerelle entre les diff\u00e9rentes cultures. Mon art sert \u00e9galement la cause de l\u2019\u00e9mancipation des femmes partout dans le monde.\u00a0<br \/>Au travers de vitraux emprunts de motifs v\u00e9g\u00e9taux et g\u00e9om\u00e9triques, je fais r\u00e9f\u00e9rence \u00e0 l\u2019\u00e9cologie et par extension \u00e0 une vision spirituelle, une notion mystique d\u2019un univers enti\u00e8rement con\u00e7u et organis\u00e9 par une intelligence c\u00e9leste. Impr\u00e9gn\u00e9 de lumi\u00e8re, le vitrail perd de sa mat\u00e9rialit\u00e9 pour se transformer en message suggestif ; aussi, j\u2019oppose \u00e0 la r\u00e9pression et la d\u00e9possession, la lumi\u00e8re et les couleurs. Les graphies de paix, \u201csalam\u201d, et de libert\u00e9 \u201cel hurriya\u201d symbolisent l\u2019antidote au tragique et \u00e0 la n\u00e9gation de la libert\u00e9.\u00a0<br \/>Le vitrail est encore dans l\u2019inconscient collectif, \u00e0 ce jour, associ\u00e9 au religieux, alors qu\u2019il rev\u00eat \u00e9galement un aspect profane. Il s\u2019invite de plus en plus dans les espaces civils dans un but d\u00e9coratif.<\/p>\n<\/div>\n<p>Auteur:<br \/>\n<a href=\"https:\/\/www.liberte-algerie.com\/culture\/ma-demarche-artistique-vise-a-batir-une-passerelle-entre-les-cultures-315392\">Cliquez ici pour lire l&rsquo;article depuis sa source.<\/a><\/p>\n","protected":false},"excerpt":{"rendered":"<p>N\u00e9e \u00e0 Montmorency, en Ile-de-France, de parents originaires de Medjana (Bordj Bou-Arr\u00e9ridj), Dalila Ammari Chaieb, titulaire d\u2019un Deug en droit, a travaill\u00e9 durant 20 ans dans le secteur bancaire avant de s\u2019int\u00e9resser aux arts et techniques du verre qui deviendront sa nouvelle passion. Libert\u00e9 : De juriste \u00e0 artiste, une vraie m\u00e9tamorphose !\u00a0Dalila Ammari Chaieb [&hellip;]<\/p>\n","protected":false},"author":1742,"featured_media":0,"comment_status":"closed","ping_status":"closed","sticky":false,"template":"","format":"standard","meta":{"fifu_image_url":"","fifu_image_alt":"","footnotes":""},"categories":[73,53],"tags":[],"class_list":["post-32941","post","type-post","status-publish","format-standard","hentry","category-actualite","category-algerie"],"_links":{"self":[{"href":"https:\/\/linitiative.ca\/International\/wp-json\/wp\/v2\/posts\/32941","targetHints":{"allow":["GET"]}}],"collection":[{"href":"https:\/\/linitiative.ca\/International\/wp-json\/wp\/v2\/posts"}],"about":[{"href":"https:\/\/linitiative.ca\/International\/wp-json\/wp\/v2\/types\/post"}],"author":[{"embeddable":true,"href":"https:\/\/linitiative.ca\/International\/wp-json\/wp\/v2\/users\/1742"}],"replies":[{"embeddable":true,"href":"https:\/\/linitiative.ca\/International\/wp-json\/wp\/v2\/comments?post=32941"}],"version-history":[{"count":0,"href":"https:\/\/linitiative.ca\/International\/wp-json\/wp\/v2\/posts\/32941\/revisions"}],"wp:attachment":[{"href":"https:\/\/linitiative.ca\/International\/wp-json\/wp\/v2\/media?parent=32941"}],"wp:term":[{"taxonomy":"category","embeddable":true,"href":"https:\/\/linitiative.ca\/International\/wp-json\/wp\/v2\/categories?post=32941"},{"taxonomy":"post_tag","embeddable":true,"href":"https:\/\/linitiative.ca\/International\/wp-json\/wp\/v2\/tags?post=32941"}],"curies":[{"name":"wp","href":"https:\/\/api.w.org\/{rel}","templated":true}]}}