{"id":32958,"date":"2019-05-07T19:58:09","date_gmt":"2019-05-07T23:58:09","guid":{"rendered":"https:\/\/linitiative.ca\/International\/festival-nuits-de-ramadan-la-musique-gnawa-a-lhonneur-a-oujda\/"},"modified":"2019-05-07T19:58:09","modified_gmt":"2019-05-07T23:58:09","slug":"festival-nuits-de-ramadan-la-musique-gnawa-a-lhonneur-a-oujda","status":"publish","type":"post","link":"https:\/\/linitiative.ca\/International\/festival-nuits-de-ramadan-la-musique-gnawa-a-lhonneur-a-oujda\/","title":{"rendered":"Festival Nuits de Ramadan : la musique Gnawa \u00e0 l\u2019honneur \u00e0 Oujda"},"content":{"rendered":"<div class=\"single-featured\"><img alt=\"\u0627\u0644\u0645\u0639\u0647\u062f \u0627\u0644\u0641\u0631\u0646\u0633\u064a \u0628\u0648\u062c\u062f\u0629\" data-src=\"http:\/\/www.mapoujda.ma\/map\/uploads\/2019\/05\/\u0627\u0644\u0645\u0639\u0647\u062f-\u0627\u0644\u0641\u0631\u0646\u0633\u064a-\u0628\u0648\u062c\u062f\u0629-2.jpg\"\/><\/div>\n<div class=\"single-post-excerpt post-excerpt-bc\" readability=\"35\">\n<p>L\u2019Institut fran\u00e7ais d\u2019Oujda organise, les 9 et 10 mai courant au Th\u00e9\u00e2tre Mohammed VI, deux soir\u00e9es musicales rentrant dans le cadre du festival des Nuits de Ramadan.<\/p>\n<\/div>\n<div class=\"entry-content clearfix single-post-content\" readability=\"48\">\n<p>La premi\u00e8re soir\u00e9e est d\u00e9di\u00e9e \u00e0 la musique Gnawa avec la pr\u00e9sence de deux pointures de ce genre musical, en l\u2019occurrence Aziz Sahmaoui et Hassan Boussou qui se r\u00e9unissent pour cr\u00e9er une fusion entre tradition et modernit\u00e9. Cette fusion r\u00e9unit autour d\u2019elle des musiciens experts avec pour chacun un parcours musical tr\u00e8s riche. Ainsi, cette rencontre fusionne les rythmes et m\u00e9lodies d\u2019Afrique, du Maghreb, de Cuba, du Jazz ou du Manouche\u2026 un voyage de la musique \u00e0 travers le temps et l\u2019espace.<\/p>\n<p>L\u2019autre soir\u00e9e sera anim\u00e9e par le groupe la Fanfare Couche-Tard et ses cinq musiciens multi-instrumentistes et passionn\u00e9s par les musiques de la Bretagne \u00e0 la Turquie.<\/p>\n<p>Nourri par les multiples influences qui le composent, le groupe a d\u00e9velopp\u00e9 un style personnel et pourtant f\u00e9d\u00e9rateur : des rythmiques solides et dansantes c\u00f4toient ainsi des th\u00e8mes musicaux vari\u00e9s et \u00e9vocateurs.<\/p>\n<\/div>\n<p>Auteur: Soufiane ELAHMAR<br \/>\n<a href=\"http:\/\/www.mapoujda.ma\/fr\/festival-nuits-de-ramadan-la-musique-gnawa-a-lhonneur-a-oujda\/\">Cliquez ici pour lire l&rsquo;article depuis sa source.<\/a><\/p>\n","protected":false},"excerpt":{"rendered":"<p>L\u2019Institut fran\u00e7ais d\u2019Oujda organise, les 9 et 10 mai courant au Th\u00e9\u00e2tre Mohammed VI, deux soir\u00e9es musicales rentrant dans le cadre du festival des Nuits de Ramadan. La premi\u00e8re soir\u00e9e est d\u00e9di\u00e9e \u00e0 la musique Gnawa avec la pr\u00e9sence de deux pointures de ce genre musical, en l\u2019occurrence Aziz Sahmaoui et Hassan Boussou qui se [&hellip;]<\/p>\n","protected":false},"author":1788,"featured_media":32959,"comment_status":"closed","ping_status":"closed","sticky":false,"template":"","format":"standard","meta":{"fifu_image_url":"","fifu_image_alt":"","footnotes":""},"categories":[54,76],"tags":[],"class_list":["post-32958","post","type-post","status-publish","format-standard","has-post-thumbnail","hentry","category-maroc","category-regions"],"_links":{"self":[{"href":"https:\/\/linitiative.ca\/International\/wp-json\/wp\/v2\/posts\/32958","targetHints":{"allow":["GET"]}}],"collection":[{"href":"https:\/\/linitiative.ca\/International\/wp-json\/wp\/v2\/posts"}],"about":[{"href":"https:\/\/linitiative.ca\/International\/wp-json\/wp\/v2\/types\/post"}],"author":[{"embeddable":true,"href":"https:\/\/linitiative.ca\/International\/wp-json\/wp\/v2\/users\/1788"}],"replies":[{"embeddable":true,"href":"https:\/\/linitiative.ca\/International\/wp-json\/wp\/v2\/comments?post=32958"}],"version-history":[{"count":0,"href":"https:\/\/linitiative.ca\/International\/wp-json\/wp\/v2\/posts\/32958\/revisions"}],"wp:featuredmedia":[{"embeddable":true,"href":"https:\/\/linitiative.ca\/International\/wp-json\/"}],"wp:attachment":[{"href":"https:\/\/linitiative.ca\/International\/wp-json\/wp\/v2\/media?parent=32958"}],"wp:term":[{"taxonomy":"category","embeddable":true,"href":"https:\/\/linitiative.ca\/International\/wp-json\/wp\/v2\/categories?post=32958"},{"taxonomy":"post_tag","embeddable":true,"href":"https:\/\/linitiative.ca\/International\/wp-json\/wp\/v2\/tags?post=32958"}],"curies":[{"name":"wp","href":"https:\/\/api.w.org\/{rel}","templated":true}]}}