{"id":32960,"date":"2019-05-07T20:17:04","date_gmt":"2019-05-08T00:17:04","guid":{"rendered":"https:\/\/linitiative.ca\/International\/oujda-angad-une-caravane-medicale-bucco-dentaire-au-profit-des-eleves\/"},"modified":"2019-05-07T20:17:04","modified_gmt":"2019-05-08T00:17:04","slug":"oujda-angad-une-caravane-medicale-bucco-dentaire-au-profit-des-eleves","status":"publish","type":"post","link":"https:\/\/linitiative.ca\/International\/oujda-angad-une-caravane-medicale-bucco-dentaire-au-profit-des-eleves\/","title":{"rendered":"Oujda-Angad: Une caravane m\u00e9dicale bucco-dentaire au profit des \u00e9l\u00e8ves"},"content":{"rendered":"<div class=\"single-featured\"><img alt=\"caravane m\u00e9dicale bucco-dentaire\" data-src=\"http:\/\/www.mapoujda.ma\/map\/uploads\/2019\/05\/caravane-m\u00e9dicale-bucco-dentaire.jpg\"\/><\/div>\n<div class=\"single-post-excerpt post-excerpt-bc\" readability=\"33\">\n<p>Des \u00e9l\u00e8ves de seize \u00e9tablissements scolaires relevant de la pr\u00e9fecture d\u2019Oujda-Angad ont b\u00e9n\u00e9fici\u00e9 d\u2019une caravane m\u00e9dicale bucco-dentaire.<\/p>\n<\/div>\n<div class=\"entry-content clearfix single-post-content\" readability=\"38\">\n<p>Outre des consultations et des interventions sur place, cette action sociale avait pour objectifs de promouvoir la sant\u00e9 bucco-dentaire et de sensibiliser les \u00e9l\u00e8ves \u00e0 l\u2019hygi\u00e8ne buccale.<\/p>\n<p>Quelque 1.800 \u00e9l\u00e8ves ont profit\u00e9 de cette caravane organis\u00e9e par la direction provinciale de l\u2019Education et de la formation d\u2019Oujda-Angd dans le cadre d\u2019une convention de partenariat liant le minist\u00e8re de l\u2019Education nationale et l\u2019association Basma.<\/p>\n<\/div>\n<p>Auteur: Soufiane ELAHMAR<br \/>\n<a href=\"http:\/\/www.mapoujda.ma\/fr\/oujda-angad-une-caravane-medicale-bucco-dentaire-au-profit-des-eleves\/\">Cliquez ici pour lire l&rsquo;article depuis sa source.<\/a><\/p>\n","protected":false},"excerpt":{"rendered":"<p>Des \u00e9l\u00e8ves de seize \u00e9tablissements scolaires relevant de la pr\u00e9fecture d\u2019Oujda-Angad ont b\u00e9n\u00e9fici\u00e9 d\u2019une caravane m\u00e9dicale bucco-dentaire. Outre des consultations et des interventions sur place, cette action sociale avait pour objectifs de promouvoir la sant\u00e9 bucco-dentaire et de sensibiliser les \u00e9l\u00e8ves \u00e0 l\u2019hygi\u00e8ne buccale. Quelque 1.800 \u00e9l\u00e8ves ont profit\u00e9 de cette caravane organis\u00e9e par la [&hellip;]<\/p>\n","protected":false},"author":1788,"featured_media":32961,"comment_status":"closed","ping_status":"closed","sticky":false,"template":"","format":"standard","meta":{"fifu_image_url":"","fifu_image_alt":"","footnotes":""},"categories":[54,76],"tags":[],"class_list":["post-32960","post","type-post","status-publish","format-standard","has-post-thumbnail","hentry","category-maroc","category-regions"],"_links":{"self":[{"href":"https:\/\/linitiative.ca\/International\/wp-json\/wp\/v2\/posts\/32960","targetHints":{"allow":["GET"]}}],"collection":[{"href":"https:\/\/linitiative.ca\/International\/wp-json\/wp\/v2\/posts"}],"about":[{"href":"https:\/\/linitiative.ca\/International\/wp-json\/wp\/v2\/types\/post"}],"author":[{"embeddable":true,"href":"https:\/\/linitiative.ca\/International\/wp-json\/wp\/v2\/users\/1788"}],"replies":[{"embeddable":true,"href":"https:\/\/linitiative.ca\/International\/wp-json\/wp\/v2\/comments?post=32960"}],"version-history":[{"count":0,"href":"https:\/\/linitiative.ca\/International\/wp-json\/wp\/v2\/posts\/32960\/revisions"}],"wp:featuredmedia":[{"embeddable":true,"href":"https:\/\/linitiative.ca\/International\/wp-json\/"}],"wp:attachment":[{"href":"https:\/\/linitiative.ca\/International\/wp-json\/wp\/v2\/media?parent=32960"}],"wp:term":[{"taxonomy":"category","embeddable":true,"href":"https:\/\/linitiative.ca\/International\/wp-json\/wp\/v2\/categories?post=32960"},{"taxonomy":"post_tag","embeddable":true,"href":"https:\/\/linitiative.ca\/International\/wp-json\/wp\/v2\/tags?post=32960"}],"curies":[{"name":"wp","href":"https:\/\/api.w.org\/{rel}","templated":true}]}}