{"id":32962,"date":"2019-05-08T05:20:00","date_gmt":"2019-05-08T09:20:00","guid":{"rendered":"https:\/\/linitiative.ca\/International\/oncf-les-prix-de-la-navette-augmentent\/"},"modified":"2019-05-08T05:20:00","modified_gmt":"2019-05-08T09:20:00","slug":"oncf-les-prix-de-la-navette-augmentent","status":"publish","type":"post","link":"https:\/\/linitiative.ca\/International\/oncf-les-prix-de-la-navette-augmentent\/","title":{"rendered":"ONCF: Les prix de la navette augmentent"},"content":{"rendered":"<p class=\"rtejustify\">L\u2019ONCF a l\u00e9g\u00e8rement augment\u00e9 les prix des navettes entre Casablanca et Rabat. Depuis lundi 6 mai, le prix en 2e classe entre Casablanca et Rabat, qui variait entre 37 DH et 53 DH, est fix\u00e9 \u00e0 40 DH. Celui de Rabat-K\u00e9nitra, fix\u00e9 auparavant entre 16 et 22 DH, passe d\u00e9sormais \u00e0 18 DH. \u00c0 noter que l\u2019ONCF a \u00e9galement g\u00e9n\u00e9ralis\u00e9 l\u2019avantage d\u2019alignement tarifaire pour ceux qui effectuent la navette. Ces derniers vont ainsi b\u00e9n\u00e9ficier du m\u00eame tarif flexible qu\u2019ils choisissent un TNR ou un Train Al Atlas.<\/p>\n<p class=\"rtejustify\"><em>E.M.G.<\/em><\/p>\n<p>Auteur: hlafriqi<br \/>\n<a href=\"https:\/\/www.leconomiste.com\/article\/1044784-oncf-les-prix-de-la-navette-augmentent\">Cliquez ici pour lire l&rsquo;article depuis sa source.<\/a><\/p>\n","protected":false},"excerpt":{"rendered":"<p>L\u2019ONCF a l\u00e9g\u00e8rement augment\u00e9 les prix des navettes entre Casablanca et Rabat. Depuis lundi 6 mai, le prix en 2e classe entre Casablanca et Rabat, qui variait entre 37 DH et 53 DH, est fix\u00e9 \u00e0 40 DH. Celui de Rabat-K\u00e9nitra, fix\u00e9 auparavant entre 16 et 22 DH, passe d\u00e9sormais \u00e0 18 DH. \u00c0 noter [&hellip;]<\/p>\n","protected":false},"author":1763,"featured_media":0,"comment_status":"closed","ping_status":"closed","sticky":false,"template":"","format":"standard","meta":{"fifu_image_url":"","fifu_image_alt":"","footnotes":""},"categories":[78,54],"tags":[],"class_list":["post-32962","post","type-post","status-publish","format-standard","hentry","category-economie","category-maroc"],"_links":{"self":[{"href":"https:\/\/linitiative.ca\/International\/wp-json\/wp\/v2\/posts\/32962","targetHints":{"allow":["GET"]}}],"collection":[{"href":"https:\/\/linitiative.ca\/International\/wp-json\/wp\/v2\/posts"}],"about":[{"href":"https:\/\/linitiative.ca\/International\/wp-json\/wp\/v2\/types\/post"}],"author":[{"embeddable":true,"href":"https:\/\/linitiative.ca\/International\/wp-json\/wp\/v2\/users\/1763"}],"replies":[{"embeddable":true,"href":"https:\/\/linitiative.ca\/International\/wp-json\/wp\/v2\/comments?post=32962"}],"version-history":[{"count":0,"href":"https:\/\/linitiative.ca\/International\/wp-json\/wp\/v2\/posts\/32962\/revisions"}],"wp:attachment":[{"href":"https:\/\/linitiative.ca\/International\/wp-json\/wp\/v2\/media?parent=32962"}],"wp:term":[{"taxonomy":"category","embeddable":true,"href":"https:\/\/linitiative.ca\/International\/wp-json\/wp\/v2\/categories?post=32962"},{"taxonomy":"post_tag","embeddable":true,"href":"https:\/\/linitiative.ca\/International\/wp-json\/wp\/v2\/tags?post=32962"}],"curies":[{"name":"wp","href":"https:\/\/api.w.org\/{rel}","templated":true}]}}