{"id":32963,"date":"2019-05-08T05:20:00","date_gmt":"2019-05-08T09:20:00","guid":{"rendered":"https:\/\/linitiative.ca\/International\/double-distinction-pour-bkg\/"},"modified":"2019-05-08T05:20:00","modified_gmt":"2019-05-08T09:20:00","slug":"double-distinction-pour-bkg","status":"publish","type":"post","link":"https:\/\/linitiative.ca\/International\/double-distinction-pour-bkg\/","title":{"rendered":"Double distinction pour BKG"},"content":{"rendered":"<p class=\"rtejustify\">BMCE Capital Gestion (BKG) s\u2019illustre aux Lipper MENA Markets 2019 Fund Awards. La soci\u00e9t\u00e9 de gestion y a \u00e9t\u00e9 doublement prim\u00e9e dans les cat\u00e9gories \u00abMena Markets\u00bb et \u00abMena Markets Domestic\u00bb. Ainsi, les fonds qu\u2019elle g\u00e8re FCP Capital Terme et FCP Capital Multi-Gestion ont\u00a0 respectivement remport\u00e9 l\u2019award du meilleur fonds sur 10 ans dans la cat\u00e9gorie \u00abBond MAD\u00bb et l\u2019award du meilleur fonds sur 10 ans dans la cat\u00e9gorie \u00abMixed Asset MAD Balanced\u00bb.<\/p>\n<p class=\"rtejustify\"><em>M.A.B.<\/em><\/p>\n<p class=\"rtejustify\">\u00a0<\/p>\n<p>Auteur: hlafriqi<br \/>\n<a href=\"https:\/\/www.leconomiste.com\/article\/1044783-double-distinction-pour-bkg\">Cliquez ici pour lire l&rsquo;article depuis sa source.<\/a><\/p>\n","protected":false},"excerpt":{"rendered":"<p>BMCE Capital Gestion (BKG) s\u2019illustre aux Lipper MENA Markets 2019 Fund Awards. La soci\u00e9t\u00e9 de gestion y a \u00e9t\u00e9 doublement prim\u00e9e dans les cat\u00e9gories \u00abMena Markets\u00bb et \u00abMena Markets Domestic\u00bb. Ainsi, les fonds qu\u2019elle g\u00e8re FCP Capital Terme et FCP Capital Multi-Gestion ont\u00a0 respectivement remport\u00e9 l\u2019award du meilleur fonds sur 10 ans dans la cat\u00e9gorie [&hellip;]<\/p>\n","protected":false},"author":1763,"featured_media":0,"comment_status":"closed","ping_status":"closed","sticky":false,"template":"","format":"standard","meta":{"fifu_image_url":"","fifu_image_alt":"","footnotes":""},"categories":[78,54],"tags":[],"class_list":["post-32963","post","type-post","status-publish","format-standard","hentry","category-economie","category-maroc"],"_links":{"self":[{"href":"https:\/\/linitiative.ca\/International\/wp-json\/wp\/v2\/posts\/32963","targetHints":{"allow":["GET"]}}],"collection":[{"href":"https:\/\/linitiative.ca\/International\/wp-json\/wp\/v2\/posts"}],"about":[{"href":"https:\/\/linitiative.ca\/International\/wp-json\/wp\/v2\/types\/post"}],"author":[{"embeddable":true,"href":"https:\/\/linitiative.ca\/International\/wp-json\/wp\/v2\/users\/1763"}],"replies":[{"embeddable":true,"href":"https:\/\/linitiative.ca\/International\/wp-json\/wp\/v2\/comments?post=32963"}],"version-history":[{"count":0,"href":"https:\/\/linitiative.ca\/International\/wp-json\/wp\/v2\/posts\/32963\/revisions"}],"wp:attachment":[{"href":"https:\/\/linitiative.ca\/International\/wp-json\/wp\/v2\/media?parent=32963"}],"wp:term":[{"taxonomy":"category","embeddable":true,"href":"https:\/\/linitiative.ca\/International\/wp-json\/wp\/v2\/categories?post=32963"},{"taxonomy":"post_tag","embeddable":true,"href":"https:\/\/linitiative.ca\/International\/wp-json\/wp\/v2\/tags?post=32963"}],"curies":[{"name":"wp","href":"https:\/\/api.w.org\/{rel}","templated":true}]}}