{"id":32974,"date":"2019-05-08T06:15:00","date_gmt":"2019-05-08T10:15:00","guid":{"rendered":"https:\/\/linitiative.ca\/International\/un-signe-daccalmie-a-gaza-en-ce-debut-de-ramadan\/"},"modified":"2019-05-08T06:15:00","modified_gmt":"2019-05-08T10:15:00","slug":"un-signe-daccalmie-a-gaza-en-ce-debut-de-ramadan","status":"publish","type":"post","link":"https:\/\/linitiative.ca\/International\/un-signe-daccalmie-a-gaza-en-ce-debut-de-ramadan\/","title":{"rendered":"Un signe d\u2019accalmie \u00e0 Gaza en ce d\u00e9but de Ramadan"},"content":{"rendered":"<div readability=\"34\">\n<p>Apr\u00e8s une escalade meurtri\u00e8re avec Isra\u00ebl<\/p>\n<p>Le plan de paix am\u00e9ricain pour bient\u00f4t<\/p>\n<\/div>\n<div readability=\"85\">\n<div class=\"dnd-atom-wrapper type-image context-sdl_editor_representation\" contenteditable=\"false\" readability=\"32.5\">\n<div class=\"dnd-drop-wrapper image\"><img loading=\"lazy\" decoding=\"async\" typeof=\"foaf:Image\" class=\"img-responsive\" src=\"https:\/\/leconomiste.com\/sites\/default\/files\/eco7\/public\/thumbnails\/image\/gaza-010.jpg\" width=\"660\" height=\"330\" alt=\"gaza-010.jpg\" title=\"gaza-010.jpg\"\/><\/div>\n<div class=\"dnd-legend-wrapper\" contenteditable=\"true\" readability=\"10\">\n<p class=\"rtejustify\">L&rsquo;enclave palestinienne et les villes isra\u00e9liennes voisines ont \u00e9t\u00e9 le th\u00e9\u00e2tre pendant ces derniers jours de la plus grave flamb\u00e9e de violences depuis la guerre de Gaza de 2014. Au bord du gouffre, les deux parties ont conclu un cessez-le-feu fragile <em>(Ph. AFP)<\/em><\/p>\n<\/div>\n<\/div>\n<p class=\"rtejustify\">En ce d\u00e9but de Ramadan, le calme est revenu, hier, lundi 6 mai, dans la bande de Gaza. Et ce, \u00e0 la faveur d&rsquo;un cessez-le-feu annonc\u00e9 par les Palestiniens apr\u00e8s le plus grave acc\u00e8s de violence avec Isra\u00ebl depuis des ann\u00e9es.<\/p>\n<p class=\"rtejustify\">Dans un signe d&rsquo;accalmie, l&rsquo;arm\u00e9e isra\u00e9lienne a annonc\u00e9 la lev\u00e9e de toutes les restrictions impos\u00e9es aux populations civiles isra\u00e9liennes voisines de Gaza. Elle n&rsquo;a pas fourni plus de pr\u00e9cision, mais ces mesures comprennent g\u00e9n\u00e9ralement la fermeture des \u00e9coles ou des limites fix\u00e9es aux rassemblements publics.<\/p>\n<p class=\"rtejustify\">Le voisin \u00e9gyptien a forg\u00e9 un accord de cessation des hostilit\u00e9s. L&rsquo;accord trouv\u00e9 vise \u00e0 un all\u00e8gement du blocus impos\u00e9 par Isra\u00ebl. Il pr\u00e9voit aussi des mesures quant \u00e0 l&rsquo;\u00e9tendue des zones de p\u00eache gazaouies en M\u00e9diterran\u00e9e autoris\u00e9e par Isra\u00ebl, ainsi qu&rsquo;une am\u00e9lioration de l&rsquo;approvisionnement en \u00e9lectricit\u00e9 et en combustible.<\/p>\n<p class=\"rtejustify\">Des pr\u00e9occupations primordiales dans l&rsquo;\u00e9troite enclave de deux millions d&rsquo;habitants durement \u00e9prouv\u00e9s par les guerres, la pauvret\u00e9 et la r\u00e9clusion. La bande de Gaza est en proie aux pouss\u00e9es de fi\u00e8vre r\u00e9p\u00e9t\u00e9es, en l&rsquo;absence de toute reconnaissance d&rsquo;Isra\u00ebl par le Hamas et de tout horizon politique pour un r\u00e8glement du conflit isra\u00e9lo-palestinien. Depuis des mois, plusieurs pays (Egypte, Maroc\u2026) et l&rsquo;ONU s&#8217;emploient \u00e0 calmer les tensions.<\/p>\n<p class=\"rtejustify\">La derni\u00e8re flamb\u00e9e de violences en date remettait en cause un accord conclu fin mars. Les organisations palestiniennes de Gaza sont frustr\u00e9es de la non-application, selon elles, par Isra\u00ebl de cet accord et de pr\u00e9c\u00e9dents sur un all\u00e8gement du blocus et l&rsquo;entr\u00e9e de fonds qataris dans l&rsquo;enclave.<\/p>\n<p class=\"rtejustify\">Le Premier ministre sortant Benjamin Netanyahu, vainqueur des l\u00e9gislatives d&rsquo;avril, est par ailleurs engag\u00e9 dans les n\u00e9gociations en vue du prochain gouvernement. Le gendre et conseiller de Donald Trump, Jared Kushner, a r\u00e9cemment promis de d\u00e9voiler son plan de r\u00e8glement du conflit isra\u00e9lo-palestinien apr\u00e8s le Ramadan.<\/p>\n<p class=\"rtejustify\">Cet acc\u00e8s de fi\u00e8vre a aussi co\u00efncid\u00e9 avec une vigoureuse mise en garde des Etats-Unis \u00e0 l&rsquo;Iran. T\u00e9h\u00e9ran est accus\u00e9 par Isra\u00ebl de soutenir les groupes arm\u00e9s de l&rsquo;enclave palestinienne soumise \u00e0 un strict blocus isra\u00e9lien depuis plus de 10 ans.<\/p>\n<p class=\"rtejustify\">L\u2019Union europ\u00e9enne a annonc\u00e9 une aide humanitaire suppl\u00e9mentaire de plus de 22 millions d&rsquo;euros en faveur des populations les plus vuln\u00e9rables \u00e0 Gaza et en Cisjordanie. L\u2019aide apport\u00e9e par l\u2019UE aux Palestiniens s\u2019\u00e9l\u00e8ve \u00e0 plus de 300 millions d\u2019euros chaque ann\u00e9e depuis 15 ans.<\/p>\n<p class=\"rtejustify\"><em>F. Z. T. avec agences<\/em><\/p>\n<p class=\"rtejustify\">\u00a0<\/p>\n<\/div>\n<p>Auteur: hlafriqi<br \/>\n<a href=\"https:\/\/www.leconomiste.com\/article\/1044778-un-signe-d-accalmie-gaza-en-ce-debut-de-ramadan\">Cliquez ici pour lire l&rsquo;article depuis sa source.<\/a><\/p>\n","protected":false},"excerpt":{"rendered":"<p>Apr\u00e8s une escalade meurtri\u00e8re avec Isra\u00ebl Le plan de paix am\u00e9ricain pour bient\u00f4t L&rsquo;enclave palestinienne et les villes isra\u00e9liennes voisines ont \u00e9t\u00e9 le th\u00e9\u00e2tre pendant ces derniers jours de la plus grave flamb\u00e9e de violences depuis la guerre de Gaza de 2014. Au bord du gouffre, les deux parties ont conclu un cessez-le-feu fragile (Ph. [&hellip;]<\/p>\n","protected":false},"author":1763,"featured_media":32975,"comment_status":"closed","ping_status":"closed","sticky":false,"template":"","format":"standard","meta":{"fifu_image_url":"","fifu_image_alt":"","footnotes":""},"categories":[78,54],"tags":[],"class_list":["post-32974","post","type-post","status-publish","format-standard","has-post-thumbnail","hentry","category-economie","category-maroc"],"_links":{"self":[{"href":"https:\/\/linitiative.ca\/International\/wp-json\/wp\/v2\/posts\/32974","targetHints":{"allow":["GET"]}}],"collection":[{"href":"https:\/\/linitiative.ca\/International\/wp-json\/wp\/v2\/posts"}],"about":[{"href":"https:\/\/linitiative.ca\/International\/wp-json\/wp\/v2\/types\/post"}],"author":[{"embeddable":true,"href":"https:\/\/linitiative.ca\/International\/wp-json\/wp\/v2\/users\/1763"}],"replies":[{"embeddable":true,"href":"https:\/\/linitiative.ca\/International\/wp-json\/wp\/v2\/comments?post=32974"}],"version-history":[{"count":0,"href":"https:\/\/linitiative.ca\/International\/wp-json\/wp\/v2\/posts\/32974\/revisions"}],"wp:featuredmedia":[{"embeddable":true,"href":"https:\/\/linitiative.ca\/International\/wp-json\/"}],"wp:attachment":[{"href":"https:\/\/linitiative.ca\/International\/wp-json\/wp\/v2\/media?parent=32974"}],"wp:term":[{"taxonomy":"category","embeddable":true,"href":"https:\/\/linitiative.ca\/International\/wp-json\/wp\/v2\/categories?post=32974"},{"taxonomy":"post_tag","embeddable":true,"href":"https:\/\/linitiative.ca\/International\/wp-json\/wp\/v2\/tags?post=32974"}],"curies":[{"name":"wp","href":"https:\/\/api.w.org\/{rel}","templated":true}]}}