{"id":32978,"date":"2019-05-08T15:14:00","date_gmt":"2019-05-08T19:14:00","guid":{"rendered":"https:\/\/linitiative.ca\/International\/international-bennacer-joueur-de-lannee-a-empoli\/"},"modified":"2019-05-08T15:14:00","modified_gmt":"2019-05-08T19:14:00","slug":"international-bennacer-joueur-de-lannee-a-empoli","status":"publish","type":"post","link":"https:\/\/linitiative.ca\/International\/international-bennacer-joueur-de-lannee-a-empoli\/","title":{"rendered":"International : Bennacer joueur de l&rsquo;ann\u00e9e \u00e0 Empoli"},"content":{"rendered":"<div readability=\"32\">\n<p>Auteur : <span>Moumen A.<\/span> <span class=\"time\">mercredi 08 mai 2019 12:25<\/span><\/p>\n<\/div>\n<div id=\"post_core\" readability=\"42\">\n<p>Apr\u00e8s une saison o\u00f9 il a \u00e9t\u00e9 imposant pratiquement dans\u00a0\u00a0tous les matchs de son \u00e9quipe en championnat, l&rsquo;Alg\u00e9rien Ismael Bennacer a \u00e9t\u00e9 d\u00e9sign\u00e9 logiquement meilleur joueur de la saison \u00e0 Empoli.\u00a0 L&rsquo;ancien joueur d&rsquo;Arsenal a notamment devanc\u00e9\u00a0le buteur du club, Caputo (auteur de 15 buts) et son ami international ivoirien Hamed Traor\u00e9. D\u00e9sign\u00e9 aussi dans l&rsquo;\u00e9quipe type des U21, des \u00a05 meilleurs championnats \u00a0en Europe, le meilleur jeune espoir alg\u00e9rien\u00a0de l&rsquo;ann\u00e9e 2017,\u00a0remporte \u00a0donc sa deuxi\u00e8me distinction cette ann\u00e9e. Un troph\u00e9e qui vient r\u00e9compenser\u00a0sa magnifique saison pour sa premi\u00e8re ann\u00e9e en S\u00e9rie A.\u00a0\u00a0<\/p>\n<p><strong>\u00a0<\/strong><\/p>\n<p><strong>Publi\u00e9 dans :<\/strong> <span>djamel belmadi<\/span> <span>BENNACER<\/span> <span>Ismael Bennacer<\/span><\/p>\n<\/div>\n<p>Auteur:<br \/>\n<a href=\"http:\/\/www.lebuteur.com\/article\/detail?titre=bennacer-joueur-de-lannee-a-empoli&#038;id=88625&#038;utm_source=feedburner&#038;utm_medium=feed&#038;utm_campaign=Feed%3A+GalerieFArtciles+%28Les+derniers+articles++-+lebuteur.com%29\">Cliquez ici pour lire l&rsquo;article depuis sa source.<\/a><\/p>\n","protected":false},"excerpt":{"rendered":"<p>Auteur : Moumen A. mercredi 08 mai 2019 12:25 Apr\u00e8s une saison o\u00f9 il a \u00e9t\u00e9 imposant pratiquement dans\u00a0\u00a0tous les matchs de son \u00e9quipe en championnat, l&rsquo;Alg\u00e9rien Ismael Bennacer a \u00e9t\u00e9 d\u00e9sign\u00e9 logiquement meilleur joueur de la saison \u00e0 Empoli.\u00a0 L&rsquo;ancien joueur d&rsquo;Arsenal a notamment devanc\u00e9\u00a0le buteur du club, Caputo (auteur de 15 buts) et [&hellip;]<\/p>\n","protected":false},"author":1738,"featured_media":32979,"comment_status":"closed","ping_status":"closed","sticky":false,"template":"","format":"standard","meta":{"fifu_image_url":"","fifu_image_alt":"","footnotes":""},"categories":[53,75],"tags":[],"class_list":["post-32978","post","type-post","status-publish","format-standard","has-post-thumbnail","hentry","category-algerie","category-sport"],"_links":{"self":[{"href":"https:\/\/linitiative.ca\/International\/wp-json\/wp\/v2\/posts\/32978","targetHints":{"allow":["GET"]}}],"collection":[{"href":"https:\/\/linitiative.ca\/International\/wp-json\/wp\/v2\/posts"}],"about":[{"href":"https:\/\/linitiative.ca\/International\/wp-json\/wp\/v2\/types\/post"}],"author":[{"embeddable":true,"href":"https:\/\/linitiative.ca\/International\/wp-json\/wp\/v2\/users\/1738"}],"replies":[{"embeddable":true,"href":"https:\/\/linitiative.ca\/International\/wp-json\/wp\/v2\/comments?post=32978"}],"version-history":[{"count":0,"href":"https:\/\/linitiative.ca\/International\/wp-json\/wp\/v2\/posts\/32978\/revisions"}],"wp:featuredmedia":[{"embeddable":true,"href":"https:\/\/linitiative.ca\/International\/wp-json\/"}],"wp:attachment":[{"href":"https:\/\/linitiative.ca\/International\/wp-json\/wp\/v2\/media?parent=32978"}],"wp:term":[{"taxonomy":"category","embeddable":true,"href":"https:\/\/linitiative.ca\/International\/wp-json\/wp\/v2\/categories?post=32978"},{"taxonomy":"post_tag","embeddable":true,"href":"https:\/\/linitiative.ca\/International\/wp-json\/wp\/v2\/tags?post=32978"}],"curies":[{"name":"wp","href":"https:\/\/api.w.org\/{rel}","templated":true}]}}