{"id":32980,"date":"2019-05-08T15:14:02","date_gmt":"2019-05-08T19:14:02","guid":{"rendered":"https:\/\/linitiative.ca\/International\/international-la-fifa-assene-un-coup-de-massue-a-chelsea\/"},"modified":"2019-05-08T15:14:02","modified_gmt":"2019-05-08T19:14:02","slug":"international-la-fifa-assene-un-coup-de-massue-a-chelsea","status":"publish","type":"post","link":"https:\/\/linitiative.ca\/International\/international-la-fifa-assene-un-coup-de-massue-a-chelsea\/","title":{"rendered":"International : La FIFA ass\u00e8ne un coup de massue \u00e0 Chelsea"},"content":{"rendered":"<div readability=\"32\">\n<p>Auteur : <span class=\"time\">mercredi 08 mai 2019 12:50<\/span><\/p>\n<\/div>\n<div id=\"post_core\" readability=\"49\">\n<p>Le 22 f\u00e9vrier dernier, l\u2019instance dirigeante du football mondial a annonc\u00e9 que Chelsea \u00e9tait sanctionn\u00e9 pour ne pas avoir respect\u00e9 les r\u00e8gles concernant les transferts de joueurs mineurs :<\/p>\n<p>\u00ab\u00a0Le comit\u00e9 de discipline a sanctionn\u00e9 Chelsea en interdisant l\u2019inscription de nouveaux joueurs aux niveaux national et international pour les deux prochaines p\u00e9riodes d\u2019inscription compl\u00e8tes et cons\u00e9cutives (jusqu\u2019en 2020, ndlr)\u00a0\u00bb.<\/p>\n<p>Touch\u00e9 mais pas coul\u00e9, Chelsea comptait bien ne pas se laisser faire comme l&rsquo;indique Footmercato. Et les Blues ont d\u00e9cid\u00e9 de faire appel assez rapidement. Apr\u00e8s plusieurs semaines d\u2019attente, le verdict est tomb\u00e9 ce mercredi 8 mai. Dans un communiqu\u00e9 de presse, la FIFA a confirm\u00e9 sa d\u00e9cision et a donc rejet\u00e9 l\u2019appel des Londoniens qui seront interdits de recrutement jusqu\u2019\u00e0 l\u2019\u00e9t\u00e9 2020. En revanche, Chelsea pourra recruter des joueurs \u00e2g\u00e9s de moins de 16 ans. De plus, la FIFA a confirm\u00e9 l\u2019amende de 600 000 francs suisses. Le dernier recours des Anglais est d\u00e9sormais de saisir le TAS.<\/p>\n<p><strong>Publi\u00e9 dans :<\/strong> <span>chelsea<\/span><\/p>\n<\/div>\n<p>Auteur:<br \/>\n<a href=\"http:\/\/www.lebuteur.com\/article\/detail?titre=la-fifa-assene-un-coup-de-massue-a-chelsea&#038;id=88626&#038;utm_source=feedburner&#038;utm_medium=feed&#038;utm_campaign=Feed%3A+GalerieFArtciles+%28Les+derniers+articles++-+lebuteur.com%29\">Cliquez ici pour lire l&rsquo;article depuis sa source.<\/a><\/p>\n","protected":false},"excerpt":{"rendered":"<p>Auteur : mercredi 08 mai 2019 12:50 Le 22 f\u00e9vrier dernier, l\u2019instance dirigeante du football mondial a annonc\u00e9 que Chelsea \u00e9tait sanctionn\u00e9 pour ne pas avoir respect\u00e9 les r\u00e8gles concernant les transferts de joueurs mineurs : \u00ab\u00a0Le comit\u00e9 de discipline a sanctionn\u00e9 Chelsea en interdisant l\u2019inscription de nouveaux joueurs aux niveaux national et international pour [&hellip;]<\/p>\n","protected":false},"author":1738,"featured_media":32981,"comment_status":"closed","ping_status":"closed","sticky":false,"template":"","format":"standard","meta":{"fifu_image_url":"","fifu_image_alt":"","footnotes":""},"categories":[53,75],"tags":[],"class_list":["post-32980","post","type-post","status-publish","format-standard","has-post-thumbnail","hentry","category-algerie","category-sport"],"_links":{"self":[{"href":"https:\/\/linitiative.ca\/International\/wp-json\/wp\/v2\/posts\/32980","targetHints":{"allow":["GET"]}}],"collection":[{"href":"https:\/\/linitiative.ca\/International\/wp-json\/wp\/v2\/posts"}],"about":[{"href":"https:\/\/linitiative.ca\/International\/wp-json\/wp\/v2\/types\/post"}],"author":[{"embeddable":true,"href":"https:\/\/linitiative.ca\/International\/wp-json\/wp\/v2\/users\/1738"}],"replies":[{"embeddable":true,"href":"https:\/\/linitiative.ca\/International\/wp-json\/wp\/v2\/comments?post=32980"}],"version-history":[{"count":0,"href":"https:\/\/linitiative.ca\/International\/wp-json\/wp\/v2\/posts\/32980\/revisions"}],"wp:featuredmedia":[{"embeddable":true,"href":"https:\/\/linitiative.ca\/International\/wp-json\/"}],"wp:attachment":[{"href":"https:\/\/linitiative.ca\/International\/wp-json\/wp\/v2\/media?parent=32980"}],"wp:term":[{"taxonomy":"category","embeddable":true,"href":"https:\/\/linitiative.ca\/International\/wp-json\/wp\/v2\/categories?post=32980"},{"taxonomy":"post_tag","embeddable":true,"href":"https:\/\/linitiative.ca\/International\/wp-json\/wp\/v2\/tags?post=32980"}],"curies":[{"name":"wp","href":"https:\/\/api.w.org\/{rel}","templated":true}]}}