{"id":32988,"date":"2019-05-08T15:14:09","date_gmt":"2019-05-08T19:14:09","guid":{"rendered":"https:\/\/linitiative.ca\/International\/international-ogs-nice-le-fc-seville-lorgne-aussi-atal\/"},"modified":"2019-05-08T15:14:09","modified_gmt":"2019-05-08T19:14:09","slug":"international-ogs-nice-le-fc-seville-lorgne-aussi-atal","status":"publish","type":"post","link":"https:\/\/linitiative.ca\/International\/international-ogs-nice-le-fc-seville-lorgne-aussi-atal\/","title":{"rendered":"International : OGS Nice: Le FC S\u00e9ville lorgne aussi Atal"},"content":{"rendered":"<div readability=\"32\">\n<p>Auteur : <span class=\"time\">mercredi 08 mai 2019 18:24<\/span><\/p>\n<\/div>\n<div id=\"post_core\" readability=\"43\">\n<p>Le d\u00e9fenseur arri\u00e8re droit Alg\u00e9rien de l\u2019OGC Nice, Youcef Atal continue de s\u2019illustrer en Ligue 1 Conforama. Du coup, plusieurs clubs sont int\u00e9ress\u00e9s par le recrutement de l\u2019ancien joueur du PAC tels que le PSG, l\u2019Inter Milan, l\u2019Atl\u00e9tico Madrid et Chelsea. Le FC S\u00e9ville s&rsquo;est aussi m\u00eal\u00e9 \u00e0 la lutte pour les services du joueur, selon \u00abCalcioMercato\u00bb. Le club andalou utilise Jesus Navas \u00e0 ce poste, mais veut un joueur suppl\u00e9mentaire.<\/p>\n<p><strong>Publi\u00e9 dans :<\/strong> <span>FC S\u00e9ville<\/span> <span>Atal<\/span> <span>OGS Nice<\/span><\/p>\n<\/div>\n<p>Auteur:<br \/>\n<a href=\"http:\/\/www.lebuteur.com\/article\/detail?titre=ogs-nice-le-fc-seville-lorgne-aussi-atal&#038;id=88630&#038;utm_source=feedburner&#038;utm_medium=feed&#038;utm_campaign=Feed%3A+GalerieFArtciles+%28Les+derniers+articles++-+lebuteur.com%29\">Cliquez ici pour lire l&rsquo;article depuis sa source.<\/a><\/p>\n","protected":false},"excerpt":{"rendered":"<p>Auteur : mercredi 08 mai 2019 18:24 Le d\u00e9fenseur arri\u00e8re droit Alg\u00e9rien de l\u2019OGC Nice, Youcef Atal continue de s\u2019illustrer en Ligue 1 Conforama. Du coup, plusieurs clubs sont int\u00e9ress\u00e9s par le recrutement de l\u2019ancien joueur du PAC tels que le PSG, l\u2019Inter Milan, l\u2019Atl\u00e9tico Madrid et Chelsea. Le FC S\u00e9ville s&rsquo;est aussi m\u00eal\u00e9 \u00e0 [&hellip;]<\/p>\n","protected":false},"author":1738,"featured_media":32989,"comment_status":"closed","ping_status":"closed","sticky":false,"template":"","format":"standard","meta":{"fifu_image_url":"","fifu_image_alt":"","footnotes":""},"categories":[53,75],"tags":[],"class_list":["post-32988","post","type-post","status-publish","format-standard","has-post-thumbnail","hentry","category-algerie","category-sport"],"_links":{"self":[{"href":"https:\/\/linitiative.ca\/International\/wp-json\/wp\/v2\/posts\/32988","targetHints":{"allow":["GET"]}}],"collection":[{"href":"https:\/\/linitiative.ca\/International\/wp-json\/wp\/v2\/posts"}],"about":[{"href":"https:\/\/linitiative.ca\/International\/wp-json\/wp\/v2\/types\/post"}],"author":[{"embeddable":true,"href":"https:\/\/linitiative.ca\/International\/wp-json\/wp\/v2\/users\/1738"}],"replies":[{"embeddable":true,"href":"https:\/\/linitiative.ca\/International\/wp-json\/wp\/v2\/comments?post=32988"}],"version-history":[{"count":0,"href":"https:\/\/linitiative.ca\/International\/wp-json\/wp\/v2\/posts\/32988\/revisions"}],"wp:featuredmedia":[{"embeddable":true,"href":"https:\/\/linitiative.ca\/International\/wp-json\/"}],"wp:attachment":[{"href":"https:\/\/linitiative.ca\/International\/wp-json\/wp\/v2\/media?parent=32988"}],"wp:term":[{"taxonomy":"category","embeddable":true,"href":"https:\/\/linitiative.ca\/International\/wp-json\/wp\/v2\/categories?post=32988"},{"taxonomy":"post_tag","embeddable":true,"href":"https:\/\/linitiative.ca\/International\/wp-json\/wp\/v2\/tags?post=32988"}],"curies":[{"name":"wp","href":"https:\/\/api.w.org\/{rel}","templated":true}]}}