{"id":32992,"date":"2019-05-08T15:14:12","date_gmt":"2019-05-08T19:14:12","guid":{"rendered":"https:\/\/linitiative.ca\/International\/ligue-des-champions-barca-dans-le-vestiaire-messi-naurait-pas-reussi-a-retenir-ses-larmes\/"},"modified":"2019-05-08T15:14:12","modified_gmt":"2019-05-08T19:14:12","slug":"ligue-des-champions-barca-dans-le-vestiaire-messi-naurait-pas-reussi-a-retenir-ses-larmes","status":"publish","type":"post","link":"https:\/\/linitiative.ca\/International\/ligue-des-champions-barca-dans-le-vestiaire-messi-naurait-pas-reussi-a-retenir-ses-larmes\/","title":{"rendered":"Ligue des Champions : Bar\u00e7a : Dans le vestiaire, Messi n&rsquo;aurait pas r\u00e9ussi \u00e0 retenir ses larmes"},"content":{"rendered":"<div readability=\"32\">\n<p>Auteur : <span class=\"time\">mercredi 08 mai 2019 19:26<\/span><\/p>\n<\/div>\n<div id=\"post_core\" readability=\"45\">\n<p>Sauf que mardi soir, les Catalans ont \u00e9t\u00e9 surpris \u00e0 Anfield (4-0) et sont sortis de la comp\u00e9tition la t\u00eate bien basse. Au coup de sifflet final, plusieurs cam\u00e9ras montraient le visage ferm\u00e9 de Lionel Messi comme l&rsquo;indique Madeinfoot. Or, d&rsquo;apr\u00e8s les informations de Marca et du Guardian, l&rsquo;Argentin se serait effondr\u00e9 dans le vestiaire et n&rsquo;aurait pu retenir ses larmes, d\u00e9truit par cette nouvelle d\u00e9b\u00e2cle, un an apr\u00e8s la remontada subie face \u00e0 la Roma en quarts de finale. Le quotidien catalan Sport rapporte de son c\u00f4t\u00e9 les propos d&rsquo;un membre du staff blaugrana : \u00ab\u00a0Je n\u2019avais jamais rien vu de tel, un vestiaire comme celui-l\u00e0, avec autant de silence\u00a0\u00bb. Cette soir\u00e9e restera in\u00e9vitablement dans les m\u00e9moires.<\/p>\n<p><strong>Publi\u00e9 dans :<\/strong> <span>fc barcelone<\/span><\/p>\n<\/div>\n<p>Auteur:<br \/>\n<a href=\"http:\/\/www.lebuteur.com\/article\/detail?titre=barca-dans-le-vestiaire-messi-naurait-pas-reussi-a-retenir-ses-larmes&#038;id=88640&#038;utm_source=feedburner&#038;utm_medium=feed&#038;utm_campaign=Feed%3A+GalerieFArtciles+%28Les+derniers+articles++-+lebuteur.com%29\">Cliquez ici pour lire l&rsquo;article depuis sa source.<\/a><\/p>\n","protected":false},"excerpt":{"rendered":"<p>Auteur : mercredi 08 mai 2019 19:26 Sauf que mardi soir, les Catalans ont \u00e9t\u00e9 surpris \u00e0 Anfield (4-0) et sont sortis de la comp\u00e9tition la t\u00eate bien basse. Au coup de sifflet final, plusieurs cam\u00e9ras montraient le visage ferm\u00e9 de Lionel Messi comme l&rsquo;indique Madeinfoot. Or, d&rsquo;apr\u00e8s les informations de Marca et du Guardian, [&hellip;]<\/p>\n","protected":false},"author":1738,"featured_media":32993,"comment_status":"closed","ping_status":"closed","sticky":false,"template":"","format":"standard","meta":{"fifu_image_url":"","fifu_image_alt":"","footnotes":""},"categories":[53,75],"tags":[],"class_list":["post-32992","post","type-post","status-publish","format-standard","has-post-thumbnail","hentry","category-algerie","category-sport"],"_links":{"self":[{"href":"https:\/\/linitiative.ca\/International\/wp-json\/wp\/v2\/posts\/32992","targetHints":{"allow":["GET"]}}],"collection":[{"href":"https:\/\/linitiative.ca\/International\/wp-json\/wp\/v2\/posts"}],"about":[{"href":"https:\/\/linitiative.ca\/International\/wp-json\/wp\/v2\/types\/post"}],"author":[{"embeddable":true,"href":"https:\/\/linitiative.ca\/International\/wp-json\/wp\/v2\/users\/1738"}],"replies":[{"embeddable":true,"href":"https:\/\/linitiative.ca\/International\/wp-json\/wp\/v2\/comments?post=32992"}],"version-history":[{"count":0,"href":"https:\/\/linitiative.ca\/International\/wp-json\/wp\/v2\/posts\/32992\/revisions"}],"wp:featuredmedia":[{"embeddable":true,"href":"https:\/\/linitiative.ca\/International\/wp-json\/"}],"wp:attachment":[{"href":"https:\/\/linitiative.ca\/International\/wp-json\/wp\/v2\/media?parent=32992"}],"wp:term":[{"taxonomy":"category","embeddable":true,"href":"https:\/\/linitiative.ca\/International\/wp-json\/wp\/v2\/categories?post=32992"},{"taxonomy":"post_tag","embeddable":true,"href":"https:\/\/linitiative.ca\/International\/wp-json\/wp\/v2\/tags?post=32992"}],"curies":[{"name":"wp","href":"https:\/\/api.w.org\/{rel}","templated":true}]}}