{"id":32994,"date":"2019-05-08T15:14:13","date_gmt":"2019-05-08T19:14:13","guid":{"rendered":"https:\/\/linitiative.ca\/International\/international-real-gareth-bale-ne-facilitera-pas-la-tache-a-zidane\/"},"modified":"2019-05-08T15:14:13","modified_gmt":"2019-05-08T19:14:13","slug":"international-real-gareth-bale-ne-facilitera-pas-la-tache-a-zidane","status":"publish","type":"post","link":"https:\/\/linitiative.ca\/International\/international-real-gareth-bale-ne-facilitera-pas-la-tache-a-zidane\/","title":{"rendered":"International : Real : Gareth Bale ne facilitera pas la t\u00e2che \u00e0 Zidane"},"content":{"rendered":"<div readability=\"32\">\n<p>Auteur : <span class=\"time\">mercredi 08 mai 2019 19:34<\/span><\/p>\n<\/div>\n<div id=\"post_core\" readability=\"52\">\n<p>En effet, l&rsquo;agent de l&rsquo;international gallois l&rsquo;a dit au cours d&rsquo;un entretien accord\u00e9 \u00e0 Sky Sports. \u00ab\u00a0Je ne suis pas s\u00fbr que Mr Zidane veuille qu&rsquo;il reste, mais pour le moment, Gareth veut rester, a certifi\u00e9 Jonathan Barnett comme le rapporte Football.\u00a0<\/p>\n<p>Il a obtenu un contrat, il sera tr\u00e8s heureux de pouvoir l&rsquo;honorer jusqu&rsquo;en 2022. Il a \u00e9t\u00e9, et il est, \u00e0 mon avis, l&rsquo;un des trois ou quatre meilleurs joueurs du monde. C&rsquo;est un jeu d&rsquo;opinions, Mr Zidane ne le pense pas, c&rsquo;est son opinion, il en le droit, je ne le critiquerai pas\u00a0\u00bb.<\/p>\n<p><strong>Publi\u00e9 dans :<\/strong> <span>real madrid<\/span><\/p>\n<\/div>\n<p>Auteur:<br \/>\n<a href=\"http:\/\/www.lebuteur.com\/article\/detail?titre=real-gareth-bale-ne-facilitera-pas-la-tache-a-zidane&#038;id=88643&#038;utm_source=feedburner&#038;utm_medium=feed&#038;utm_campaign=Feed%3A+GalerieFArtciles+%28Les+derniers+articles++-+lebuteur.com%29\">Cliquez ici pour lire l&rsquo;article depuis sa source.<\/a><\/p>\n","protected":false},"excerpt":{"rendered":"<p>Auteur : mercredi 08 mai 2019 19:34 En effet, l&rsquo;agent de l&rsquo;international gallois l&rsquo;a dit au cours d&rsquo;un entretien accord\u00e9 \u00e0 Sky Sports. \u00ab\u00a0Je ne suis pas s\u00fbr que Mr Zidane veuille qu&rsquo;il reste, mais pour le moment, Gareth veut rester, a certifi\u00e9 Jonathan Barnett comme le rapporte Football.\u00a0 Il a obtenu un contrat, il [&hellip;]<\/p>\n","protected":false},"author":1738,"featured_media":32995,"comment_status":"closed","ping_status":"closed","sticky":false,"template":"","format":"standard","meta":{"fifu_image_url":"","fifu_image_alt":"","footnotes":""},"categories":[53,75],"tags":[],"class_list":["post-32994","post","type-post","status-publish","format-standard","has-post-thumbnail","hentry","category-algerie","category-sport"],"_links":{"self":[{"href":"https:\/\/linitiative.ca\/International\/wp-json\/wp\/v2\/posts\/32994","targetHints":{"allow":["GET"]}}],"collection":[{"href":"https:\/\/linitiative.ca\/International\/wp-json\/wp\/v2\/posts"}],"about":[{"href":"https:\/\/linitiative.ca\/International\/wp-json\/wp\/v2\/types\/post"}],"author":[{"embeddable":true,"href":"https:\/\/linitiative.ca\/International\/wp-json\/wp\/v2\/users\/1738"}],"replies":[{"embeddable":true,"href":"https:\/\/linitiative.ca\/International\/wp-json\/wp\/v2\/comments?post=32994"}],"version-history":[{"count":0,"href":"https:\/\/linitiative.ca\/International\/wp-json\/wp\/v2\/posts\/32994\/revisions"}],"wp:featuredmedia":[{"embeddable":true,"href":"https:\/\/linitiative.ca\/International\/wp-json\/"}],"wp:attachment":[{"href":"https:\/\/linitiative.ca\/International\/wp-json\/wp\/v2\/media?parent=32994"}],"wp:term":[{"taxonomy":"category","embeddable":true,"href":"https:\/\/linitiative.ca\/International\/wp-json\/wp\/v2\/categories?post=32994"},{"taxonomy":"post_tag","embeddable":true,"href":"https:\/\/linitiative.ca\/International\/wp-json\/wp\/v2\/tags?post=32994"}],"curies":[{"name":"wp","href":"https:\/\/api.w.org\/{rel}","templated":true}]}}