{"id":32996,"date":"2019-05-08T15:18:58","date_gmt":"2019-05-08T19:18:58","guid":{"rendered":"https:\/\/linitiative.ca\/International\/huit-ambassadeurs-remettent-leurs-lettres-de-creances-a-m-bensalah\/"},"modified":"2019-05-08T15:18:58","modified_gmt":"2019-05-08T19:18:58","slug":"huit-ambassadeurs-remettent-leurs-lettres-de-creances-a-m-bensalah","status":"publish","type":"post","link":"https:\/\/linitiative.ca\/International\/huit-ambassadeurs-remettent-leurs-lettres-de-creances-a-m-bensalah\/","title":{"rendered":"Huit ambassadeurs remettent leurs lettres de cr\u00e9ances \u00e0 M. Bensalah"},"content":{"rendered":"<p><strong>M. Bensalah a re\u00e7u, en premier lieu, M. Witold Spirydowicz, ambassadeur de Pologne.\u00a0\u00a0<\/strong><\/p>\n<p>Dans une d\u00e9claration \u00e0 la presse \u00e0 l&rsquo;issue de l&rsquo;audience, M. Spirydowicz a qualifi\u00e9 l&rsquo;Alg\u00e9rie de \u00ab\u00a0partenaire strat\u00e9gique, un pays tr\u00e8s important pour la r\u00e9gion et pour le continent africain, et aussi pour l&rsquo;Europe\u00a0\u00bb. Mettant en avant les relations historiques entre l&rsquo;Alg\u00e9rie et la Pologne qui datent de 1962, il a relev\u00e9 que celles-ci \u00ab\u00a0se d\u00e9veloppent dans tous les domaines\u00a0\u00bb. L&rsquo;ambassadeur, qui a \u00e9voqu\u00e9 la mobilisation du peuple alg\u00e9rien pour le changement, s&rsquo;est dit \u00ab\u00a0impressionn\u00e9 par le civisme et la maturit\u00e9 de la soci\u00e9t\u00e9 alg\u00e9rienne\u00a0\u00bb, exprimant la disposition de son pays \u00e0 \u00ab\u00a0soutenir le processus de transition\u00a0\u00bb en \u00e9changeant les exp\u00e9riences entre les deux pays.<\/p>\n<p>Le chef de l&rsquo;Etat a \u00e9galement re\u00e7u l&rsquo;ambassadeur des Pays-Bas, Robert Van Embden. Au terme de l&rsquo;audience, M. Embden a relev\u00e9 le d\u00e9veloppement \u00ab\u00a0positif\u00a0\u00bb qui\u00a0 a marqu\u00e9 les relations bilat\u00e9rales alg\u00e9ro-n\u00e9\u00e9rlandaises, notamment \u00ab\u00a0depuis la redynamisation de la commission mixte bilat\u00e9rale qui s&rsquo;est r\u00e9unie \u00e0 Alger il y a un an, ayant permis d&rsquo;approfondir davantage la\u00a0 coop\u00e9ration entre les deux pays\u00a0\u00bb dans diff\u00e9rents domaines.<\/p>\n<p>M. Bensalah a re\u00e7u l&rsquo;ambassadeur du Royaume de Belgique, Pierre Gillon, qui a salu\u00e9 l'\u00a0\u00bbexcellence\u00a0\u00bb des relations d&rsquo;amiti\u00e9 qu&rsquo;entretiennent l&rsquo;Alg\u00e9rie et la Belgique, soulignant que ces relations \u00ab\u00a0ne\u00a0 \u00a0demandent qu&rsquo;\u00e0 s&rsquo;approfondir\u00a0\u00bb.<\/p>\n<p>Par la suite, le chef de l&rsquo;Etat a re\u00e7u l&rsquo;ambassadrice du Royaume de Su\u00e8de, Marie-Claire Sward-Capra.\u00a0 La diplomate a indiqu\u00e9 que l&rsquo;Alg\u00e9rie et la Su\u00e8de entretiennent d\u2019\u00a0\u00bbexcellentes relations et des liens forts et profonds de confiance et d&rsquo;amiti\u00e9, fond\u00e9s sur une sinc\u00e8re et durable amiti\u00e9 que nous ne cessons de renforcer\u00a0\u00bb.\u00a0<\/p>\n<p>M. Bensalah a re\u00e7u, \u00e9galement, l&rsquo;ambassadeur, repr\u00e9sentant de la d\u00e9l\u00e9gation de l&rsquo;Union europ\u00e9enne (UE), John O&rsquo;Rourke, qui a mis en exergue\u00a0 \u00a0les \u00ab\u00a0bonnes et fructueuses relations\u00a0\u00bb entre l&rsquo;UE et l&rsquo;Alg\u00e9rie.<\/p>\n<p>Le Nonce apostolique du Vatican, Luciano Russo, a \u00e9t\u00e9 \u00e9galement re\u00e7u, dans\u00a0 \u00a0le m\u00eame cadre, par le chef de l&rsquo;Etat.\u00a0 M. Russo a mis en avant, \u00e0 cette occasion, les \u00ab\u00a0bonnes relations qui existent entre les deux pays\u00a0\u00bb, faisant part de l&rsquo;engagement du Saint Si\u00e8ge \u00e0 \u0153uvrer dans ce sens \u00e0 travers le dialogue et le respect, en \u00ab\u00a0encourageant\u00a0\u00bb notamment l&rsquo;initiative, \u00ab\u00a0Vivre ensemble en paix\u00a0\u00bb, promue par l&rsquo;Alg\u00e9rie.<\/p>\n<p>L&rsquo;ambassadeur du P\u00e9rou, Gustavo Felipe Jose Lembcke Hoyle, a exprim\u00e9, \u00e0 l&rsquo;issue de l&rsquo;audience, le souhait de son pays de \u00ab\u00a0renforcer la coop\u00e9ration bilat\u00e9rale\u00a0\u00bb alg\u00e9ro-p\u00e9ruvienne.<\/p>\n<p>M. Bensalah a re\u00e7u, enfin, l&rsquo;ambassadeur d&rsquo;Italie, Pasquale Ferrara. Ce dernier s&rsquo;est f\u00e9licit\u00e9 de la \u00ab\u00a0profonde amiti\u00e9 entre l&rsquo;Alg\u00e9rie et l&rsquo;Italie, une amiti\u00e9 ancienne qui remonte \u00e0 la lutte d&rsquo;ind\u00e9pendance de l&rsquo;Alg\u00e9rie\u00a0\u00bb, a-t-il dit, soulignant que cette amiti\u00e9 \u00ab\u00a0n&rsquo;a jamais faibli, m\u00eame durant les ann\u00e9es les plus difficiles de l&rsquo;Alg\u00e9rie\u00a0\u00bb. Pour le diplomate, \u00ab\u00a0l&rsquo;Alg\u00e9rie vit actuellement une page importante de son histoire\u00a0\u00bb, relevant que le peuple alg\u00e9rien, \u00e0 travers notamment sa jeunesse, et l&rsquo;\u00e9lan pacifique marqu\u00e9 par les manifestations pour le changement, \u00ab\u00a0ont suscit\u00e9 l&rsquo;admiration du monde entier\u00a0\u00bb. Il a soulign\u00e9, \u00e9galement, que l&rsquo;Alg\u00e9rie est un \u00ab\u00a0partenaire strat\u00e9gique\u00a0 pour l&rsquo;Italie, notamment au niveau m\u00e9diterran\u00e9en, une r\u00e9gion qui conna\u00eet beaucoup de crises\u00a0\u00bb.\u00a0 Citant, \u00e0 ce propos, la Libye, M. Ferrara a fait part de la convergence de\u00a0 \u00a0vues entre l&rsquo;Italie et l&rsquo;Alg\u00e9rie concernant le r\u00e8glement de la crise dans ce pays m\u00e9diterran\u00e9en, soutenant que les deux pays \u00ab\u00a0peuvent faire beaucoup ensemble pour la stabilit\u00e9 de la r\u00e9gion\u00a0\u00bb. M. Ferrara a, en outre, exprim\u00e9 le souhait de voir la coop\u00e9ration bilat\u00e9rale alg\u00e9ro-italienne se d\u00e9velopper et se diversifier davantage.<\/p>\n<p>Auteur: elmoudjahid<br \/>\n<a href=\"http:\/\/www.elmoudjahid.com\/fr\/actualites\/136722\">Cliquez ici pour lire l&rsquo;article depuis sa source.<\/a><\/p>\n","protected":false},"excerpt":{"rendered":"<p>M. Bensalah a re\u00e7u, en premier lieu, M. Witold Spirydowicz, ambassadeur de Pologne.\u00a0\u00a0 Dans une d\u00e9claration \u00e0 la presse \u00e0 l&rsquo;issue de l&rsquo;audience, M. Spirydowicz a qualifi\u00e9 l&rsquo;Alg\u00e9rie de \u00ab\u00a0partenaire strat\u00e9gique, un pays tr\u00e8s important pour la r\u00e9gion et pour le continent africain, et aussi pour l&rsquo;Europe\u00a0\u00bb. Mettant en avant les relations historiques entre l&rsquo;Alg\u00e9rie [&hellip;]<\/p>\n","protected":false},"author":1744,"featured_media":0,"comment_status":"closed","ping_status":"closed","sticky":false,"template":"","format":"standard","meta":{"fifu_image_url":"","fifu_image_alt":"","footnotes":""},"categories":[73,53],"tags":[],"class_list":["post-32996","post","type-post","status-publish","format-standard","hentry","category-actualite","category-algerie"],"_links":{"self":[{"href":"https:\/\/linitiative.ca\/International\/wp-json\/wp\/v2\/posts\/32996","targetHints":{"allow":["GET"]}}],"collection":[{"href":"https:\/\/linitiative.ca\/International\/wp-json\/wp\/v2\/posts"}],"about":[{"href":"https:\/\/linitiative.ca\/International\/wp-json\/wp\/v2\/types\/post"}],"author":[{"embeddable":true,"href":"https:\/\/linitiative.ca\/International\/wp-json\/wp\/v2\/users\/1744"}],"replies":[{"embeddable":true,"href":"https:\/\/linitiative.ca\/International\/wp-json\/wp\/v2\/comments?post=32996"}],"version-history":[{"count":0,"href":"https:\/\/linitiative.ca\/International\/wp-json\/wp\/v2\/posts\/32996\/revisions"}],"wp:attachment":[{"href":"https:\/\/linitiative.ca\/International\/wp-json\/wp\/v2\/media?parent=32996"}],"wp:term":[{"taxonomy":"category","embeddable":true,"href":"https:\/\/linitiative.ca\/International\/wp-json\/wp\/v2\/categories?post=32996"},{"taxonomy":"post_tag","embeddable":true,"href":"https:\/\/linitiative.ca\/International\/wp-json\/wp\/v2\/tags?post=32996"}],"curies":[{"name":"wp","href":"https:\/\/api.w.org\/{rel}","templated":true}]}}