{"id":32999,"date":"2019-05-08T04:47:04","date_gmt":"2019-05-08T08:47:04","guid":{"rendered":"https:\/\/linitiative.ca\/International\/89176-tennis-daikin-cup-series-ines-ibbou-integre-le-tableau-final\/"},"modified":"2019-05-08T04:47:04","modified_gmt":"2019-05-08T08:47:04","slug":"89176-tennis-daikin-cup-series-ines-ibbou-integre-le-tableau-final","status":"publish","type":"post","link":"https:\/\/linitiative.ca\/International\/89176-tennis-daikin-cup-series-ines-ibbou-integre-le-tableau-final\/","title":{"rendered":"Tennis-Daikin Cup Series: In\u00e8s Ibbou int\u00e8gre le tableau final"},"content":{"rendered":"<div>\n<div class=\"K2FeedImage\"><img decoding=\"async\" src=\"http:\/\/www.aps.dz\/media\/k2\/items\/cache\/1a00b4b2c3069f577d3dae41b1a29a1d_S.jpg\" alt=\"Tennis-Daikin Cup Series: In\u00e8s Ibbou int\u00e8gre le tableau final\"><\/div>\n<div class=\"K2FeedIntroText\">\n<p><strong>ISTANBUL &#8211; La joueuse de tennis alg\u00e9rienne In\u00e8s Ibbou s&rsquo;est qualifi\u00e9e mardi au tableau final de la \u00ab\u00a0Daikin Cup Series\u00a0\u00bb, un tournoi international f\u00e9minin qui se d\u00e9roule du 6 au 12 mai 2019 \u00e0 Antalya (Turquie), apr\u00e8s sa victoire par deux sets \u00e0 z\u00e9ro contre la Turque Deniz Paycok.<\/strong><\/p>\n<\/div>\n<div class=\"K2FeedFullText\">\n<p>L&rsquo;Alg\u00e9rienne de 20 ans \u00e9tait class\u00e9e t\u00eate de s\u00e9rie N2 de ce tableau des qualifications et c&rsquo;est assez facilement qu&rsquo;elle a domin\u00e9 la Turque, t\u00eate de s\u00e9rie N13, sur le score de 6-0, 6-3.<\/p>\n<blockquote>\n<p><em><strong>Mercredi, au premier tour du tableau final, Ibbou sera oppos\u00e9e \u00e0 une autre Turque, Dilara Kinal, qui a int\u00e9gr\u00e9 ce tournoi \u00e0 la faveur d&rsquo;une invitation (ndlr, wild-card).<\/strong><\/em><\/p>\n<\/blockquote>\n<p>Il s&rsquo;agit du quatri\u00e8me tournoi cons\u00e9cutif \u00e0 Antalya pour l&rsquo;ex-championne d&rsquo;Afrique \u00ab\u00a0juniors\u00a0\u00bb, qui effectue son retour \u00e0 la comp\u00e9tition apr\u00e8s plusieurs semaines d&rsquo;absence, dues \u00e0 une blessure.<\/p>\n<p>Les trois pr\u00e9c\u00e9dents tournois d&rsquo;Ibbou s&rsquo;\u00e9taient d\u00e9roul\u00e9s du 15 au 21 avril, puis du 22 au 28 du m\u00eame mois, et enfin du 29 avril au 5 mai, toujours sur les courts en terre battue du Starlight Resort.<\/p>\n<p>D&rsquo;un prize-money de 15.000 USD, ce nouveau tournoi professionnel a drain\u00e9 la participation de certaines joueuses relativement bien positionn\u00e9es au classement mondial de la WTA.<\/p>\n<\/div>\n<p><img loading=\"lazy\" decoding=\"async\" src=\"http:\/\/feeds.feedburner.com\/~r\/aps-sport\/~4\/hWIJCL-mSXM\" height=\"1\" width=\"1\" alt=\"\"><\/div>\n<p>Auteur:<br \/>\n<a href=\"http:\/\/www.aps.dz\/sport\/89176-tennis-daikin-cup-series-ines-ibbou-integre-le-tableau-final?utm_source=feedburner&#038;utm_medium=feed&#038;utm_campaign=Feed%3A+aps-sport+%28APS+-+SPORT%29\">Cliquez ici pour lire l&rsquo;article depuis sa source.<\/a><\/p>\n","protected":false},"excerpt":{"rendered":"<p>ISTANBUL &#8211; La joueuse de tennis alg\u00e9rienne In\u00e8s Ibbou s&rsquo;est qualifi\u00e9e mardi au tableau final de la \u00ab\u00a0Daikin Cup Series\u00a0\u00bb, un tournoi international f\u00e9minin qui se d\u00e9roule du 6 au 12 mai 2019 \u00e0 Antalya (Turquie), apr\u00e8s sa victoire par deux sets \u00e0 z\u00e9ro contre la Turque Deniz Paycok. L&rsquo;Alg\u00e9rienne de 20 ans \u00e9tait class\u00e9e [&hellip;]<\/p>\n","protected":false},"author":1790,"featured_media":33000,"comment_status":"closed","ping_status":"closed","sticky":false,"template":"","format":"standard","meta":{"fifu_image_url":"","fifu_image_alt":"","footnotes":""},"categories":[53,75],"tags":[],"class_list":["post-32999","post","type-post","status-publish","format-standard","has-post-thumbnail","hentry","category-algerie","category-sport"],"_links":{"self":[{"href":"https:\/\/linitiative.ca\/International\/wp-json\/wp\/v2\/posts\/32999","targetHints":{"allow":["GET"]}}],"collection":[{"href":"https:\/\/linitiative.ca\/International\/wp-json\/wp\/v2\/posts"}],"about":[{"href":"https:\/\/linitiative.ca\/International\/wp-json\/wp\/v2\/types\/post"}],"author":[{"embeddable":true,"href":"https:\/\/linitiative.ca\/International\/wp-json\/wp\/v2\/users\/1790"}],"replies":[{"embeddable":true,"href":"https:\/\/linitiative.ca\/International\/wp-json\/wp\/v2\/comments?post=32999"}],"version-history":[{"count":0,"href":"https:\/\/linitiative.ca\/International\/wp-json\/wp\/v2\/posts\/32999\/revisions"}],"wp:featuredmedia":[{"embeddable":true,"href":"https:\/\/linitiative.ca\/International\/wp-json\/"}],"wp:attachment":[{"href":"https:\/\/linitiative.ca\/International\/wp-json\/wp\/v2\/media?parent=32999"}],"wp:term":[{"taxonomy":"category","embeddable":true,"href":"https:\/\/linitiative.ca\/International\/wp-json\/wp\/v2\/categories?post=32999"},{"taxonomy":"post_tag","embeddable":true,"href":"https:\/\/linitiative.ca\/International\/wp-json\/wp\/v2\/tags?post=32999"}],"curies":[{"name":"wp","href":"https:\/\/api.w.org\/{rel}","templated":true}]}}