{"id":33011,"date":"2019-05-08T13:10:00","date_gmt":"2019-05-08T17:10:00","guid":{"rendered":"https:\/\/linitiative.ca\/International\/attestation-de-pauvrete-le-ministere-de-linterieur-reagit\/"},"modified":"2019-05-08T13:10:00","modified_gmt":"2019-05-08T17:10:00","slug":"attestation-de-pauvrete-le-ministere-de-linterieur-reagit","status":"publish","type":"post","link":"https:\/\/linitiative.ca\/International\/attestation-de-pauvrete-le-ministere-de-linterieur-reagit\/","title":{"rendered":"ATTESTATION DE PAUVRETE : Le minist\u00e8re de l&rsquo;int\u00e9rieur r\u00e9agit"},"content":{"rendered":"<p><br id=\"sep_para_1\" class=\"sep_para access\"\/><\/p>\n<div id=\"para_1\" class=\"para_30846898 resize\">\n<div class=\"texte access firstletter\">Le minist\u00e8re de l&rsquo;Int\u00e9rieur, des Collectivit\u00e9s locales et de l&rsquo;Am\u00e9nagement du territoire a affirm\u00e9, ce mercredi, que les services de l&rsquo;\u00e9tat civil ne disposent, ni d\u00e9livrent aucun document portant mention \u00ab\u00a0attestation de pauvret\u00e9\u00a0\u00bb, qualifiant cette information de \u00ab\u00a0non fond\u00e9e\u00a0\u00bb. \u00ab\u00a0Suite \u00e0 la diffusion d&rsquo;une information non fond\u00e9e sur les r\u00e9seaux sociaux faisant \u00e9tat de la d\u00e9livrance par la commune de Bejaia d&rsquo;un document portant le nom +attestation de pauvret\u00e9+ \u00e0 l&rsquo;endroit des b\u00e9n\u00e9ficiaires des allocations financi\u00e8res, octroy\u00e9es dans le cadre de l&rsquo;op\u00e9ration de solidarit\u00e9, \u00e0 l&rsquo;occasion du mois de Ramadhan, le minist\u00e8re d\u00e9ment d&rsquo;une mani\u00e8re ferme cette information diffus\u00e9e sur les r\u00e9seaux sociaux, qui demeure largement erron\u00e9e\u00a0\u00bb, a-t-on pr\u00e9cis\u00e9. Le minist\u00e8re de l&rsquo;Int\u00e9rieur a soulign\u00e9, dans ce sens, que \u00ab\u00a0les services de l&rsquo;\u00e9tat civil au niveau de toutes les communes du pays ne disposent, ni d\u00e9livrent un tel document\u00a0\u00bb.\u00a0\u00a0\u00a0\u00a0\u00a0\u00a0\u00a0<\/div>\n<\/div>\n<p>Auteur: Nadine<br \/>\n<a href=\"https:\/\/www.reflexiondz.net\/ATTESTATION-DE-PAUVRETE-Le-ministere-de-l-interieur-reagit_a55766.html\">Cliquez ici pour lire l&rsquo;article depuis sa source.<\/a><\/p>\n","protected":false},"excerpt":{"rendered":"<p>Le minist\u00e8re de l&rsquo;Int\u00e9rieur, des Collectivit\u00e9s locales et de l&rsquo;Am\u00e9nagement du territoire a affirm\u00e9, ce mercredi, que les services de l&rsquo;\u00e9tat civil ne disposent, ni d\u00e9livrent aucun document portant mention \u00ab\u00a0attestation de pauvret\u00e9\u00a0\u00bb, qualifiant cette information de \u00ab\u00a0non fond\u00e9e\u00a0\u00bb. \u00ab\u00a0Suite \u00e0 la diffusion d&rsquo;une information non fond\u00e9e sur les r\u00e9seaux sociaux faisant \u00e9tat de la [&hellip;]<\/p>\n","protected":false},"author":1740,"featured_media":0,"comment_status":"closed","ping_status":"closed","sticky":false,"template":"","format":"standard","meta":{"fifu_image_url":"","fifu_image_alt":"","footnotes":""},"categories":[53,76],"tags":[],"class_list":["post-33011","post","type-post","status-publish","format-standard","hentry","category-algerie","category-regions"],"_links":{"self":[{"href":"https:\/\/linitiative.ca\/International\/wp-json\/wp\/v2\/posts\/33011","targetHints":{"allow":["GET"]}}],"collection":[{"href":"https:\/\/linitiative.ca\/International\/wp-json\/wp\/v2\/posts"}],"about":[{"href":"https:\/\/linitiative.ca\/International\/wp-json\/wp\/v2\/types\/post"}],"author":[{"embeddable":true,"href":"https:\/\/linitiative.ca\/International\/wp-json\/wp\/v2\/users\/1740"}],"replies":[{"embeddable":true,"href":"https:\/\/linitiative.ca\/International\/wp-json\/wp\/v2\/comments?post=33011"}],"version-history":[{"count":0,"href":"https:\/\/linitiative.ca\/International\/wp-json\/wp\/v2\/posts\/33011\/revisions"}],"wp:attachment":[{"href":"https:\/\/linitiative.ca\/International\/wp-json\/wp\/v2\/media?parent=33011"}],"wp:term":[{"taxonomy":"category","embeddable":true,"href":"https:\/\/linitiative.ca\/International\/wp-json\/wp\/v2\/categories?post=33011"},{"taxonomy":"post_tag","embeddable":true,"href":"https:\/\/linitiative.ca\/International\/wp-json\/wp\/v2\/tags?post=33011"}],"curies":[{"name":"wp","href":"https:\/\/api.w.org\/{rel}","templated":true}]}}