{"id":33013,"date":"2019-05-08T13:10:00","date_gmt":"2019-05-08T17:10:00","guid":{"rendered":"https:\/\/linitiative.ca\/International\/commemoration-des-massacres-du-08-mai-le-wali-honore-les-moudjahidine\/"},"modified":"2019-05-08T13:10:00","modified_gmt":"2019-05-08T17:10:00","slug":"commemoration-des-massacres-du-08-mai-le-wali-honore-les-moudjahidine","status":"publish","type":"post","link":"https:\/\/linitiative.ca\/International\/commemoration-des-massacres-du-08-mai-le-wali-honore-les-moudjahidine\/","title":{"rendered":"COMMEMORATION  DES MASSACRES  DU 08 MAI : Le wali honore  les moudjahidine"},"content":{"rendered":"<p><br id=\"sep_para_1\" class=\"sep_para access\"\/><\/p>\n<div id=\"para_1\" class=\"para_30845651 resize\">\n<div class=\"texte access firstletter\">En cette journ\u00e9e\u00a0 particuli\u00e8re\u00a0 c\u00e9l\u00e9brant le\u00a0 douloureux\u00a0 \u00e9v\u00e9nement historique, M.Rebehi\u00a0 Mohamed Abdenour, wali de Mostaganem\u00a0 et son ex\u00e9cutif ont d\u00e9pos\u00e9 une gerbe de fleurs \u00e0 la place du chahid , par laquelle la wilaya de Mostaganem comm\u00e9more le 08 mai 1945 , consid\u00e9r\u00e9\u00a0 comme l\u2019un des plus grands massacres\u00a0 du si\u00e8cle dernier, commis par le colonialisme fran\u00e7ais. Pourquoi dit-on l\u2019un des plus grands massacres car le nombre\u00a0 de martyrs tomb\u00e9s sur le champ d\u2019honneur a atteint 45.000 morts civils en 48 heures pour la seule raison d\u2019avoir\u00a0 manifest\u00e9 pacifiquement pour recouvrir leur ind\u00e9pendance. En cette occasion, M.le wali\u00a0 a eu \u00e0 honorer plusieurs anciens moudjahids pour montrer la gratitude de\u00a0 la\u00a0 nation qui n\u2019oublie jamais ses anciens qui ont pay\u00e9\u00a0 de leur sang pour que vive l\u2019Alg\u00e9rie libre et ind\u00e9pendante. A\u00a0 la fin de la r\u00e9ception,\u00a0 un quota de 861 logements\u00a0 a \u00e9t\u00e9 attribu\u00e9 \u00e0 ses b\u00e9n\u00e9ficiaires \u00e0 la salle de conf\u00e9rences de la wilaya. Ce dernier\u00a0 est compos\u00e9 de 421 logements publics locatifs, 235 logements publics aid\u00e9s, 245 autres types de logements dont le logement rural. Il est \u00e0 noter \u00e0 ce sujet\u00a0 que le programme de distribution de logements en 2019\u00a0 touchera\u00a0 la distribution de quelque 6717 unit\u00e9s\u00a0 tous types confondus<\/div>\n<\/div>\n<p>Auteur: Naboussi Belayachi<br \/>\n<a href=\"https:\/\/www.reflexiondz.net\/COMMEMORATION-DES-MASSACRES-DU-08-MAI-Le-wali-honore-les-moudjahidine_a55763.html\">Cliquez ici pour lire l&rsquo;article depuis sa source.<\/a><\/p>\n","protected":false},"excerpt":{"rendered":"<p>En cette journ\u00e9e\u00a0 particuli\u00e8re\u00a0 c\u00e9l\u00e9brant le\u00a0 douloureux\u00a0 \u00e9v\u00e9nement historique, M.Rebehi\u00a0 Mohamed Abdenour, wali de Mostaganem\u00a0 et son ex\u00e9cutif ont d\u00e9pos\u00e9 une gerbe de fleurs \u00e0 la place du chahid , par laquelle la wilaya de Mostaganem comm\u00e9more le 08 mai 1945 , consid\u00e9r\u00e9\u00a0 comme l\u2019un des plus grands massacres\u00a0 du si\u00e8cle dernier, commis par le [&hellip;]<\/p>\n","protected":false},"author":1740,"featured_media":0,"comment_status":"closed","ping_status":"closed","sticky":false,"template":"","format":"standard","meta":{"fifu_image_url":"","fifu_image_alt":"","footnotes":""},"categories":[53,76],"tags":[],"class_list":["post-33013","post","type-post","status-publish","format-standard","hentry","category-algerie","category-regions"],"_links":{"self":[{"href":"https:\/\/linitiative.ca\/International\/wp-json\/wp\/v2\/posts\/33013","targetHints":{"allow":["GET"]}}],"collection":[{"href":"https:\/\/linitiative.ca\/International\/wp-json\/wp\/v2\/posts"}],"about":[{"href":"https:\/\/linitiative.ca\/International\/wp-json\/wp\/v2\/types\/post"}],"author":[{"embeddable":true,"href":"https:\/\/linitiative.ca\/International\/wp-json\/wp\/v2\/users\/1740"}],"replies":[{"embeddable":true,"href":"https:\/\/linitiative.ca\/International\/wp-json\/wp\/v2\/comments?post=33013"}],"version-history":[{"count":0,"href":"https:\/\/linitiative.ca\/International\/wp-json\/wp\/v2\/posts\/33013\/revisions"}],"wp:attachment":[{"href":"https:\/\/linitiative.ca\/International\/wp-json\/wp\/v2\/media?parent=33013"}],"wp:term":[{"taxonomy":"category","embeddable":true,"href":"https:\/\/linitiative.ca\/International\/wp-json\/wp\/v2\/categories?post=33013"},{"taxonomy":"post_tag","embeddable":true,"href":"https:\/\/linitiative.ca\/International\/wp-json\/wp\/v2\/tags?post=33013"}],"curies":[{"name":"wp","href":"https:\/\/api.w.org\/{rel}","templated":true}]}}