{"id":33026,"date":"2019-05-08T04:55:07","date_gmt":"2019-05-08T08:55:07","guid":{"rendered":"https:\/\/linitiative.ca\/International\/mobilisation-a-mostaganem\/"},"modified":"2019-05-08T04:55:07","modified_gmt":"2019-05-08T08:55:07","slug":"mobilisation-a-mostaganem","status":"publish","type":"post","link":"https:\/\/linitiative.ca\/International\/mobilisation-a-mostaganem\/","title":{"rendered":"Mobilisation \u00e0 Mostaganem"},"content":{"rendered":"<h4 class=\"title-14\"\/>\n<p>Les \u00e9tudiants de plusieurs facult\u00e9s de l\u2019universit\u00e9 de Mostaganem qui se sont fix\u00e9s rendez vous devant le campus de l\u2019ex-ITA, ont encore march\u00e9, hier, et cela, en d\u00e9pit d\u2019un soleil de plomb et le car\u00eame.<\/p>\n<p>Fid\u00e8le \u00e0 leur coutume, ils scandaient : \u00abOn ne va pas s\u2019essouffler. Notre combat continuera. Yahia El Djich. Ahna Khaoua. Le Hirak ne va pas s\u2019arr\u00eater jusqu\u2019\u00e0 l\u2019aboutissement des revendications du peuple !\u00bb.<\/p>\n<p>Ils ont sillonn\u00e9 les boulevards principaux de la ville en brandissant des pancartes avec des slogans antisyst\u00e8me, revendiquant un Etat moderne et un peuple libre. \u00abD\u00e9gagez tous ! On ne veut plus de vous\u00bb A signaler que d\u2019autres citoyens ne sont pas rest\u00e9s indiff\u00e9rents. Ils ont rejoint la foule pour marcher.<\/p>\n<div class=\"yuzo_related_post style-1\" data-version=\"5.12.88\">\n<p><h3>Related Post<\/h3>\n<\/p>\n<div class=\"yuzo_wraps\">\n<div class=\"relatedthumb relatedpost-559974 c11\"><a href=\"https:\/\/www.elwatan.com\/regions\/est\/actu-est\/bordj-bou-arreridj-41-zones-blanches-privees-du-reseau-internet-23-02-2019\"\/><\/p>\n<p><span class=\"yuzo__text--title c10\">Bordj Bou Arr\u00e9ridj : 41 zones blanches priv\u00e9es du &#8230;<\/span><\/div>\n<div class=\"relatedthumb relatedpost-382383 c11\"><a href=\"https:\/\/www.elwatan.com\/edition\/actualite\/il-faut-resoudre-la-crise-politique-26-12-2018\"\/><\/p>\n<p><span class=\"yuzo__text--title c10\">\u00abIl faut r\u00e9soudre la crise politique\u00bb<\/span><\/div>\n<div class=\"relatedthumb relatedpost-357325 c11\"><a href=\"https:\/\/www.elwatan.com\/edition\/international\/crise-afghane-washington-negocie-avec-les-talibans-19-12-2018\"\/><\/p>\n<p><span class=\"yuzo__text--title c10\">Crise afghane : Washington n\u00e9gocie avec les taliba&#8230;<\/span><\/div>\n<div class=\"relatedthumb relatedpost-559401 c11\"><a href=\"https:\/\/www.elwatan.com\/regions\/centre\/blida\/chrea-blida-le-president-du-club-de-ski-denonce-20-02-2019\"\/><\/p>\n<p><span class=\"yuzo__text--title c10\">Chr\u00e9a \u2013 Blida : Le pr\u00e9sident du club de ski &#8230;<\/span><\/div>\n<\/div>\n<\/div>\n<p><span class=\"post-views-label\">Post Views:<\/span> <span class=\"post-views-count\">42<\/span><\/p>\n<p>Auteur: Hicham Chouadria<br \/>\n<a href=\"https:\/\/www.elwatan.com\/edition\/actualite\/mobilisation-a-mostaganem-08-05-2019\">Cliquez ici pour lire l&rsquo;article depuis sa source.<\/a><\/p>\n","protected":false},"excerpt":{"rendered":"<p>Les \u00e9tudiants de plusieurs facult\u00e9s de l\u2019universit\u00e9 de Mostaganem qui se sont fix\u00e9s rendez vous devant le campus de l\u2019ex-ITA, ont encore march\u00e9, hier, et cela, en d\u00e9pit d\u2019un soleil de plomb et le car\u00eame. Fid\u00e8le \u00e0 leur coutume, ils scandaient : \u00abOn ne va pas s\u2019essouffler. Notre combat continuera. Yahia El Djich. Ahna Khaoua. [&hellip;]<\/p>\n","protected":false},"author":1743,"featured_media":0,"comment_status":"closed","ping_status":"closed","sticky":false,"template":"","format":"standard","meta":{"fifu_image_url":"","fifu_image_alt":"","footnotes":""},"categories":[73,53],"tags":[],"class_list":["post-33026","post","type-post","status-publish","format-standard","hentry","category-actualite","category-algerie"],"_links":{"self":[{"href":"https:\/\/linitiative.ca\/International\/wp-json\/wp\/v2\/posts\/33026","targetHints":{"allow":["GET"]}}],"collection":[{"href":"https:\/\/linitiative.ca\/International\/wp-json\/wp\/v2\/posts"}],"about":[{"href":"https:\/\/linitiative.ca\/International\/wp-json\/wp\/v2\/types\/post"}],"author":[{"embeddable":true,"href":"https:\/\/linitiative.ca\/International\/wp-json\/wp\/v2\/users\/1743"}],"replies":[{"embeddable":true,"href":"https:\/\/linitiative.ca\/International\/wp-json\/wp\/v2\/comments?post=33026"}],"version-history":[{"count":0,"href":"https:\/\/linitiative.ca\/International\/wp-json\/wp\/v2\/posts\/33026\/revisions"}],"wp:attachment":[{"href":"https:\/\/linitiative.ca\/International\/wp-json\/wp\/v2\/media?parent=33026"}],"wp:term":[{"taxonomy":"category","embeddable":true,"href":"https:\/\/linitiative.ca\/International\/wp-json\/wp\/v2\/categories?post=33026"},{"taxonomy":"post_tag","embeddable":true,"href":"https:\/\/linitiative.ca\/International\/wp-json\/wp\/v2\/tags?post=33026"}],"curies":[{"name":"wp","href":"https:\/\/api.w.org\/{rel}","templated":true}]}}