{"id":33027,"date":"2019-05-08T05:00:51","date_gmt":"2019-05-08T09:00:51","guid":{"rendered":"https:\/\/linitiative.ca\/International\/protestations-populaires-pour-le-changement-du-systeme-les-etudiants-toujours-determines-a-oran\/"},"modified":"2019-05-08T05:00:51","modified_gmt":"2019-05-08T09:00:51","slug":"protestations-populaires-pour-le-changement-du-systeme-les-etudiants-toujours-determines-a-oran","status":"publish","type":"post","link":"https:\/\/linitiative.ca\/International\/protestations-populaires-pour-le-changement-du-systeme-les-etudiants-toujours-determines-a-oran\/","title":{"rendered":"Protestations populaires pour le changement du syst\u00e8me : Les \u00e9tudiants toujours d\u00e9termin\u00e9s \u00e0 Oran"},"content":{"rendered":"<h4 class=\"title-14\"\/>\n<div class=\"featured_image\"><img width=\"800\" height=\"483\" data-cfsrc=\"https:\/\/www.elwatan.com\/wp-content\/uploads\/2019\/05\/oran-e1557281119568.jpg\" class=\"attachment-post-thumbnail size-post-thumbnail wp-post-image c1\" alt=\"\"\/><noscript><\/p>\n<p><img loading=\"lazy\" decoding=\"async\" width=\"800\" height=\"483\" src=\"https:\/\/www.elwatan.com\/wp-content\/uploads\/2019\/05\/oran-e1557281119568.jpg\" class=\"attachment-post-thumbnail size-post-thumbnail wp-post-image\" alt=\"\"\/><\/p>\n<p><\/noscript> <span class=\"featured-image-caption\">La mobilisation estudiantine hier \u00e0 Oran (photo : el watan )<\/span><\/div>\n<p>Moins nombreux que d\u2019habitude, les \u00e9tudiants ont quand m\u00eame march\u00e9 hier \u00e0 Oran. Le nombre a, certes, diminu\u00e9, mais la d\u00e9termination de ceux qui ont particip\u00e9 \u00e0 la manifestation reste visiblement intacte, ils demandent le d\u00e9part des symboles du syst\u00e8me, tels que Bensalah et B\u00e9doui.<\/p>\n<p>Ceux-ci estiment que \u00able hirak de l\u2019\u00e9tudiant est partie int\u00e9grante du hirak du peuple\u00bb et se sont exprim\u00e9s en faveur de \u00abla constitution d\u2019un gouvernement de transition et \u00e0 sa t\u00eate des figures qui ont la confiance du peuple\u00bb.<\/p>\n<p>Le mois de Ramadhan ne semble pas constituer un frein aux plus d\u00e9termin\u00e9s qui scandent : \u00abNous je\u00fbnons mais nous r\u00e9sistons (\u2026).\u00bb<\/p>\n<p>Beaucoup avaient en effet pens\u00e9 que le mouvement estudiantin allait s\u2019essouffler \u00e0 cause du je\u00fbne, et c\u2019est probablement le cas pour certains mais pas pour tous. \u00abPouvez-vous passer le Ramadhan sans hirak ? Il n\u2019en est pas question (makanch menha)\u00bb, lit-on en arabe sur une pancarte parmi des dizaines d\u2019autres brandies hier tout le long du parcours.<\/p>\n<p>Le point de rencontre a \u00e9t\u00e9 d\u2019abord la place du 1er Novembre, o\u00f9 un rassemblement a \u00e9t\u00e9 organis\u00e9 d\u00e8s le matin. R\u00e9p\u00e9t\u00e9s en ch\u0153ur, les slogans scand\u00e9s sur place insistent toujours sur l\u2019unit\u00e9 du peuple et de la nation et aucun coin du territoire ni composante de la nation n\u2019ont \u00e9t\u00e9 omis. Ils pr\u00e9viennent ainsi contre toute tentative de division.<\/p>\n<p>La conscience politique des \u00e9tudiants va au-del\u00e0 en s\u2019int\u00e9ressant au contexte ext\u00e9rieur. Tout en \u00e9tant contre toute forme d\u2019ing\u00e9rence, on les a entendus tacler un pays comme les Emirats en scandant \u00abEl Imarate bled el mou\u2019amarate !\u00bb (Les Emirats, pays des complots).<\/p>\n<p>Les manifestants d\u00e9noncent par ailleurs les pressions exerc\u00e9es auparavant sur les avocats, sur les enseignants, etc., mais aussi la marginalisation des cat\u00e9gories sociales, comme les ch\u00f4meurs. \u00abVous avez valoris\u00e9 celui qui vous caresse dans le sens du poil\u00bb, d\u00e9noncent-ils au passage.<\/p>\n<p>Les \u00e9tudiants, qui revendiquent en parall\u00e8le \u00abla libert\u00e9 de la presse et plaident pour l\u2019instauration d\u2019un Etat de droit, o\u00f9 r\u00e8gne l\u2019\u00e9quit\u00e9\u00bb, ont ensuite emprunt\u00e9 le boulevard Emir Abdelkader avant de bifurquer, pour longer la rue Larbi Ben M\u2019hidi.<\/p>\n<p>Des haltes ont \u00e9t\u00e9 observ\u00e9es \u00e0 certains endroits, mais sans grande cons\u00e9quence sur la circulation habituellement dense dans cette partie du centre-ville.<\/p>\n<p>Certains slogans sont propres \u00e0 la communaut\u00e9 estudiantine avec les jeux de mots habituels traduits litt\u00e9ralement : \u00abComment ! Vous craignez une ann\u00e9e blanche et vous n\u2019avez pas peur d\u2019un avenir noir !\u00bb<\/p>\n<p>Une ambiance bon enfant caract\u00e9rise n\u00e9anmoins cette marche qui s\u2019est termin\u00e9e, comme \u00e0 l\u2019accoutum\u00e9e, face au si\u00e8ge de la wilaya, o\u00f9 un autre groupe d\u2019\u00e9tudiants avait d\u00e9j\u00e0 pris place.<\/p>\n<div class=\"yuzo_related_post style-1\" data-version=\"5.12.88\">\n<p><h3>Related Post<\/h3>\n<\/p>\n<div class=\"yuzo_wraps\">\n<div class=\"relatedthumb relatedpost-299565 c11\"><a href=\"https:\/\/www.elwatan.com\/pages-hebdo\/sante\/le-marche-du-medicament-generique-en-augmentation-en-algerie-une-source-deconomies-pour-le-systeme-de-sante-09-12-2018\"\/><\/p>\n<p><span class=\"yuzo__text--title c10\">Le march\u00e9 du m\u00e9dicament g\u00e9n\u00e9rique en augmentation &#8230;<\/span><\/div>\n<div class=\"relatedthumb relatedpost-232832 c11\"><a href=\"https:\/\/www.elwatan.com\/pages-hebdo\/sup-eco\/emploi-investissements-et-ressources-humaines-04-06-2007\"\/><\/p>\n<p><span class=\"yuzo__text--title c10\">Emploi, investissements et ressources humaines<\/span><\/div>\n<div class=\"relatedthumb relatedpost-375682 c11\"><a href=\"https:\/\/www.elwatan.com\/point-zero\/lhomme-fatigue-qui-ne-voulait-pas-dormir-3-25-12-2018\"\/><\/p>\n<p><span class=\"yuzo__text--title c10\">L\u2019homme fatigu\u00e9 qui ne voulait pas dormir (3&#8230;<\/span><\/div>\n<\/div>\n<\/div>\n<p><span class=\"post-views-label\">Post Views:<\/span> <span class=\"post-views-count\">113<\/span><\/p>\n<p>Auteur: Hicham Chouadria<br \/>\n<a href=\"https:\/\/www.elwatan.com\/edition\/actualite\/protestations-populaires-pour-le-changement-du-systeme-les-etudiants-toujours-determines-a-oran-08-05-2019\">Cliquez ici pour lire l&rsquo;article depuis sa source.<\/a><\/p>\n","protected":false},"excerpt":{"rendered":"<p>La mobilisation estudiantine hier \u00e0 Oran (photo : el watan ) Moins nombreux que d\u2019habitude, les \u00e9tudiants ont quand m\u00eame march\u00e9 hier \u00e0 Oran. Le nombre a, certes, diminu\u00e9, mais la d\u00e9termination de ceux qui ont particip\u00e9 \u00e0 la manifestation reste visiblement intacte, ils demandent le d\u00e9part des symboles du syst\u00e8me, tels que Bensalah et [&hellip;]<\/p>\n","protected":false},"author":1743,"featured_media":33028,"comment_status":"closed","ping_status":"closed","sticky":false,"template":"","format":"standard","meta":{"fifu_image_url":"","fifu_image_alt":"","footnotes":""},"categories":[73,53],"tags":[],"class_list":["post-33027","post","type-post","status-publish","format-standard","has-post-thumbnail","hentry","category-actualite","category-algerie"],"_links":{"self":[{"href":"https:\/\/linitiative.ca\/International\/wp-json\/wp\/v2\/posts\/33027","targetHints":{"allow":["GET"]}}],"collection":[{"href":"https:\/\/linitiative.ca\/International\/wp-json\/wp\/v2\/posts"}],"about":[{"href":"https:\/\/linitiative.ca\/International\/wp-json\/wp\/v2\/types\/post"}],"author":[{"embeddable":true,"href":"https:\/\/linitiative.ca\/International\/wp-json\/wp\/v2\/users\/1743"}],"replies":[{"embeddable":true,"href":"https:\/\/linitiative.ca\/International\/wp-json\/wp\/v2\/comments?post=33027"}],"version-history":[{"count":0,"href":"https:\/\/linitiative.ca\/International\/wp-json\/wp\/v2\/posts\/33027\/revisions"}],"wp:featuredmedia":[{"embeddable":true,"href":"https:\/\/linitiative.ca\/International\/wp-json\/"}],"wp:attachment":[{"href":"https:\/\/linitiative.ca\/International\/wp-json\/wp\/v2\/media?parent=33027"}],"wp:term":[{"taxonomy":"category","embeddable":true,"href":"https:\/\/linitiative.ca\/International\/wp-json\/wp\/v2\/categories?post=33027"},{"taxonomy":"post_tag","embeddable":true,"href":"https:\/\/linitiative.ca\/International\/wp-json\/wp\/v2\/tags?post=33027"}],"curies":[{"name":"wp","href":"https:\/\/api.w.org\/{rel}","templated":true}]}}