{"id":33029,"date":"2019-05-08T05:02:39","date_gmt":"2019-05-08T09:02:39","guid":{"rendered":"https:\/\/linitiative.ca\/International\/tizi-ouzou-rejet-de-lappel-au-dialogue-de-bensalah\/"},"modified":"2019-05-08T05:02:39","modified_gmt":"2019-05-08T09:02:39","slug":"tizi-ouzou-rejet-de-lappel-au-dialogue-de-bensalah","status":"publish","type":"post","link":"https:\/\/linitiative.ca\/International\/tizi-ouzou-rejet-de-lappel-au-dialogue-de-bensalah\/","title":{"rendered":"Tizi Ouzou : rejet de l\u2019appel au dialogue de Bensalah"},"content":{"rendered":"<h4 class=\"title-14\"\/>\n<p>Les \u00e9tudiants de l\u2019universit\u00e9 Mouloud Mammeri de Tizi Ouzou ont manifest\u00e9, hier pour le onzi\u00e8me mardi cons\u00e9cutif, malgr\u00e9 le Ramadhan et la forte chaleur. Les manifestants ont, comme chaque semaine depuis le d\u00e9but du mouvement populaire, exig\u00e9 le d\u00e9part de tout le syst\u00e8me en place.<\/p>\n<p>Ils ont aussi fait passer leur message, faisant allusion au dernier discours prononc\u00e9 par le chef d\u2019Etat par int\u00e9rim, Abdelkader Bensalah, d\u2019un c\u00f4t\u00e9, et celui du vice-ministre de la D\u00e9fense et chef d\u2019\u00e9tat-major de l\u2019ANP, Ahmed Ga\u00efd Salah, de l\u2019autre.<\/p>\n<p>C\u2019est au rythme de \u00abBensalah d\u00e9gage\u00bb et de \u00abDjoumhouria machi kasirna (c\u2019est une R\u00e9publique pas une caserne)\u00bb, que les manifestants ont sillonn\u00e9 les principales art\u00e8res de la ville de Tizi Ouzou. Les \u00e9tudiants rejettent ainsi le dialogue \u00abintelligent et constructif\u00bb auquel avait appel\u00e9 le chef de l\u2019Etat.<\/p>\n<p>Ils ont aussi r\u00e9it\u00e9r\u00e9 leur rejet de la prochaine \u00e9lection pr\u00e9sidentielle pr\u00e9vue pour le 4 juillet sous l\u2019\u00e9gide du gouvernement Bedoui, donc du syst\u00e8me en place. \u00abNotre revendication est claire depuis le d\u00e9but de notre mouvement populaire : syst\u00e8me d\u00e9gage\u00bb, souligne un des manifestants.<\/p>\n<p>Ce slogan est d\u2019ailleurs longtemps repris par les protestataires pendant tout leur trajet. Des slogans hostiles \u00e0 Ga\u00efd Salah ont \u00e9t\u00e9 scand\u00e9s lors de la marche d\u2019hier comme \u00abEl Ga\u00efd d\u00e9gage !\u00bb en plus d\u2019autres, \u00e0 l\u2019image de \u00abY\u2019en a marre de ce pouvoir !\u00bb, \u00abLes \u00e9tudiants s\u2019engagent, syst\u00e8me d\u00e9gage !\u00bb, \u00abPouvoir assassin !\u00bb.<\/p>\n<p>Par ailleurs et parmi les pancartes brandies, on note ce message marquant d\u2019une \u00e9tudiante qui dit : \u00abNon \u00e0 une version alg\u00e9rienne du sc\u00e9nario \u00e9gyptien\u00bb. La solution \u00e0 la crise que traverse le pays r\u00e9side, pour les \u00e9tudiants de l\u2019universit\u00e9 Mouloud Mammeri, dans \u00abla dissolution des deux Chambres (APN et S\u00e9nat), la dissolution du Conseil constitutionnel\u00bb et \u00abla mise en place d\u2019une Assembl\u00e9e constituante\u00bb, comme cela a \u00e9t\u00e9 transcrit sur une imposante banderole au-devant de la procession.<\/p>\n<p>La marche pacifique a, pour rappel, d\u00e9but\u00e9 vers 12h, depuis la biblioth\u00e8que principale de l\u2019universit\u00e9 Mouloud Mammeri. La manifestation s\u2019est achev\u00e9e en d\u00e9but d\u2019apr\u00e8s-midi \u00e0 proximit\u00e9 de l\u2019ancienne gare sise \u00e0 l\u2019entr\u00e9e ouest de Tizi Ouzou.<\/p>\n<div class=\"yuzo_related_post style-1\" data-version=\"5.12.88\">\n<p><h3>Related Post<\/h3>\n<\/p>\n<div class=\"yuzo_wraps\">\n<div class=\"relatedthumb relatedpost-154523 c11\"><a href=\"https:\/\/www.elwatan.com\/edition\/actualite\/tahar-hadjar-ignore-les-medecins-specialistes-09-10-2018\"\/><\/p>\n<p><span class=\"yuzo__text--title c10\">Tahar Hadjar ignore les m\u00e9decins sp\u00e9cialistes<\/span><\/div>\n<div class=\"relatedthumb relatedpost-148872 c11\"><a href=\"https:\/\/www.elwatan.com\/edition\/economie\/faiblesse-de-lindustrie-de-la-sous-traitance-les-incroyables-rates-des-politiques-publiques-11-09-2018\"\/><\/p>\n<p><span class=\"yuzo__text--title c10\">Faiblesse de l\u2019industrie de la sous-traitance : Le&#8230;<\/span><\/div>\n<div class=\"relatedthumb relatedpost-567617 c11\"><a href=\"https:\/\/www.elwatan.com\/regions\/ouest\/tlemcen\/tlemcen-des-vacances-en-foret-et-en-mer-pour-850-jeunes-04-04-2019\"\/><\/p>\n<p><span class=\"yuzo__text--title c10\">Tlemcen :\u00a0Des vacances en for\u00eat et en mer pour 850&#8230;<\/span><\/div>\n<div class=\"relatedthumb relatedpost-576922 c11\"><a href=\"https:\/\/www.elwatan.com\/edition\/sports\/le-chabab-pour-seloigner-de-la-zone-rouge-06-05-2019\"\/><\/p>\n<p><span class=\"yuzo__text--title c10\">Le Chabab pour s\u2019\u00e9loigner de la zone rouge<\/span><\/div>\n<\/div>\n<\/div>\n<p><span class=\"post-views-label\">Post Views:<\/span> <span class=\"post-views-count\">196<\/span><\/p>\n<p>Auteur: Hicham Chouadria<br \/>\n<a href=\"https:\/\/www.elwatan.com\/edition\/actualite\/tizi-ouzou-rejet-de-lappel-au-dialogue-de-bensalah-08-05-2019\">Cliquez ici pour lire l&rsquo;article depuis sa source.<\/a><\/p>\n","protected":false},"excerpt":{"rendered":"<p>Les \u00e9tudiants de l\u2019universit\u00e9 Mouloud Mammeri de Tizi Ouzou ont manifest\u00e9, hier pour le onzi\u00e8me mardi cons\u00e9cutif, malgr\u00e9 le Ramadhan et la forte chaleur. Les manifestants ont, comme chaque semaine depuis le d\u00e9but du mouvement populaire, exig\u00e9 le d\u00e9part de tout le syst\u00e8me en place. Ils ont aussi fait passer leur message, faisant allusion au [&hellip;]<\/p>\n","protected":false},"author":1743,"featured_media":0,"comment_status":"closed","ping_status":"closed","sticky":false,"template":"","format":"standard","meta":{"fifu_image_url":"","fifu_image_alt":"","footnotes":""},"categories":[73,53],"tags":[],"class_list":["post-33029","post","type-post","status-publish","format-standard","hentry","category-actualite","category-algerie"],"_links":{"self":[{"href":"https:\/\/linitiative.ca\/International\/wp-json\/wp\/v2\/posts\/33029","targetHints":{"allow":["GET"]}}],"collection":[{"href":"https:\/\/linitiative.ca\/International\/wp-json\/wp\/v2\/posts"}],"about":[{"href":"https:\/\/linitiative.ca\/International\/wp-json\/wp\/v2\/types\/post"}],"author":[{"embeddable":true,"href":"https:\/\/linitiative.ca\/International\/wp-json\/wp\/v2\/users\/1743"}],"replies":[{"embeddable":true,"href":"https:\/\/linitiative.ca\/International\/wp-json\/wp\/v2\/comments?post=33029"}],"version-history":[{"count":0,"href":"https:\/\/linitiative.ca\/International\/wp-json\/wp\/v2\/posts\/33029\/revisions"}],"wp:attachment":[{"href":"https:\/\/linitiative.ca\/International\/wp-json\/wp\/v2\/media?parent=33029"}],"wp:term":[{"taxonomy":"category","embeddable":true,"href":"https:\/\/linitiative.ca\/International\/wp-json\/wp\/v2\/categories?post=33029"},{"taxonomy":"post_tag","embeddable":true,"href":"https:\/\/linitiative.ca\/International\/wp-json\/wp\/v2\/tags?post=33029"}],"curies":[{"name":"wp","href":"https:\/\/api.w.org\/{rel}","templated":true}]}}