{"id":33030,"date":"2019-05-08T05:02:59","date_gmt":"2019-05-08T09:02:59","guid":{"rendered":"https:\/\/linitiative.ca\/International\/la-communaute-universitaire-ne-desarme-pas-a-bejaia\/"},"modified":"2019-05-08T05:02:59","modified_gmt":"2019-05-08T09:02:59","slug":"la-communaute-universitaire-ne-desarme-pas-a-bejaia","status":"publish","type":"post","link":"https:\/\/linitiative.ca\/International\/la-communaute-universitaire-ne-desarme-pas-a-bejaia\/","title":{"rendered":"La communaut\u00e9 universitaire ne d\u00e9sarme pas \u00e0 B\u00e9ja\u00efa"},"content":{"rendered":"<h4 class=\"title-14\"\/>\n<p>La communaut\u00e9 universitaire a surpris par la consistance de la marche organis\u00e9e hier au deuxi\u00e8me jour du mois de Ramadhan. Les \u00e9tudiants, les enseignants et les ATS de l\u2019universit\u00e9 Abderrahmane Mira de B\u00e9ja\u00efa ont maintenu le rythme du mouvement universitaire engag\u00e9 dans le mouvement populaire.<\/p>\n<p>Et ce, \u00e0 travers cette mobilisation qui a drain\u00e9 plusieurs centaines de personnes ainsi que la poursuite du cycle de conf\u00e9rences lanc\u00e9 par les enseignants, ATS et \u00e9tudiants de la m\u00eame universit\u00e9.<\/p>\n<p>Le mot d\u2019ordre reste inchang\u00e9. \u00abPour le changement radical du syst\u00e8me\u00bb, \u00abPour une Alg\u00e9rie libre et d\u00e9mocratique\u00bb, \u00abLe peuple demande le d\u00e9part des voleurs\u00bb, scandent les manifestants en boucle, le long de l\u2019itin\u00e9raire qui a \u00e9t\u00e9 entam\u00e9 du campus de Targa Ouzemmour vers la place de la Libert\u00e9 d\u2019expression Sa\u00efd Mekbel. \u00abNous marcherons jusqu\u2019au d\u00e9part du pouvoir\u00bb, crient les marcheurs \u00e0 tue-t\u00eate.<\/p>\n<p>Au niveau de la place Sa\u00efd Mekbel, l\u2019hymne national et autres chants r\u00e9volutionnaires ont \u00e9t\u00e9 diffus\u00e9s \u00e0 grands d\u00e9cibels. \u00abLa jeunesse est une force vive dans la construction du pays.\u00bb Les \u00e9tudiants refusent ainsi d\u2019\u00eatre mis \u00e0 l\u2019\u00e9cart dans l\u2019\u00e9dification de la nouvelle R\u00e9publique. \u00abCe peuple ne veut pas d\u2019une transition militaire\u00bb tonnent-ils, exigeant une \u00abtransition d\u00e9mocratique pour l\u2019av\u00e8nement de la IIe R\u00e9publique\u00bb. \u00abOulach lvote (pas de vote)\u00bb.<\/p>\n<p>Les \u00e9tudiants ont r\u00e9it\u00e9r\u00e9 \u00e9galement leur rejet des \u00e9lections du 4 juillet sur lesquelles a insist\u00e9 le chef de l\u2019Etat par int\u00e9rim, Abdelkader Bensalah, lors de son dernier discours. Contrairement aux autres universit\u00e9s, celle de B\u00e9ja\u00efa n\u2019a pas suivi le mot d\u2019ordre de gr\u00e8ve g\u00e9n\u00e9rale, qui a \u00e9t\u00e9 lanc\u00e9 sur les r\u00e9seaux sociaux par des anonymes. \u00abLa gr\u00e8ve n\u2019est pas \u00e0 l\u2019ordre du jour.<\/p>\n<p>Face \u00e0 la confusion, nous avons opt\u00e9 pour la lutte, le travail et la poursuite des cours. Ce n\u2019est pas le cas dans les autres universit\u00e9s\u00bb, nous dit Sabrina Zouagui, enseignante et membre actif du collectif enseignants\/ATS de l\u2019universit\u00e9.<\/p>\n<p>Des travailleurs interrog\u00e9s estiment que \u00absi la gr\u00e8ve est d\u00e9cid\u00e9e clairement, nous la suivrons jusqu\u2019au bout, car ce n\u2019est pas une ann\u00e9e blanche qui va nous faire reculer.\u00bb<\/p>\n<p>Aujourd\u2019hui, en d\u00e9but d\u2019apr\u00e8s-midi, Mahmoud Rechidi, secr\u00e9taire g\u00e9n\u00e9ral du Parti socialiste des travailleurs (PST), animera une conf\u00e9rence \u00e0 l\u2019auditorium de Targa Ouzemmour \u00e0 l\u2019initiative de la communaut\u00e9 universitaire sous le th\u00e8me \u00abLe mouvement du 22 f\u00e9vrier et la transition d\u00e9mocratique\u00bb. Hier, c\u2019est Fethi Gherras, coordinateur du Mouvement d\u00e9mocratique et social (MDS) qui a d\u00e9velopp\u00e9 la m\u00eame th\u00e9matique.<\/p>\n<div class=\"yuzo_related_post style-1\" data-version=\"5.12.88\">\n<p><h3>Related Post<\/h3>\n<\/p>\n<div class=\"yuzo_wraps\">\n<div class=\"relatedthumb relatedpost-376186 c11\"><a href=\"https:\/\/www.elwatan.com\/regions\/kabylie\/bejaia\/mob-et-jsmb-retour-en-ligue-1-et-accession-ratee-de-peu-25-12-2018\"\/><\/p>\n<p><span class=\"yuzo__text--title c10\">MOB et JSMB :\u00a0retour en ligue 1 et accession rat\u00e9e&#8230;<\/span><\/div>\n<div class=\"relatedthumb relatedpost-414302 c11\"><a href=\"https:\/\/www.elwatan.com\/edition\/actualite\/laffaire-des-701-kg-de-cocaine-mystere-autour-de-ce-seisme-qui-a-ebranle-letat-30-12-2018\"\/><\/p>\n<p><span class=\"yuzo__text--title c10\">L\u2019affaire des 701 kg de coca\u00efne : Myst\u00e8re autour d&#8230;<\/span><\/div>\n<div class=\"relatedthumb relatedpost-560521 c11\"><a href=\"https:\/\/www.elwatan.com\/edition\/actualite\/les-femmes-exclues-des-postes-de-responsabilite-26-02-2019\"\/><\/p>\n<p><span class=\"yuzo__text--title c10\">Les femmes exclues des postes de responsabilit\u00e9<\/span><\/div>\n<\/div>\n<\/div>\n<p><span class=\"post-views-label\">Post Views:<\/span> <span class=\"post-views-count\">88<\/span><\/p>\n<p>Auteur: Hicham Chouadria<br \/>\n<a href=\"https:\/\/www.elwatan.com\/edition\/actualite\/la-communaute-universitaire-ne-desarme-pas-a-bejaia-08-05-2019\">Cliquez ici pour lire l&rsquo;article depuis sa source.<\/a><\/p>\n","protected":false},"excerpt":{"rendered":"<p>La communaut\u00e9 universitaire a surpris par la consistance de la marche organis\u00e9e hier au deuxi\u00e8me jour du mois de Ramadhan. Les \u00e9tudiants, les enseignants et les ATS de l\u2019universit\u00e9 Abderrahmane Mira de B\u00e9ja\u00efa ont maintenu le rythme du mouvement universitaire engag\u00e9 dans le mouvement populaire. Et ce, \u00e0 travers cette mobilisation qui a drain\u00e9 plusieurs [&hellip;]<\/p>\n","protected":false},"author":1743,"featured_media":0,"comment_status":"closed","ping_status":"closed","sticky":false,"template":"","format":"standard","meta":{"fifu_image_url":"","fifu_image_alt":"","footnotes":""},"categories":[73,53],"tags":[],"class_list":["post-33030","post","type-post","status-publish","format-standard","hentry","category-actualite","category-algerie"],"_links":{"self":[{"href":"https:\/\/linitiative.ca\/International\/wp-json\/wp\/v2\/posts\/33030","targetHints":{"allow":["GET"]}}],"collection":[{"href":"https:\/\/linitiative.ca\/International\/wp-json\/wp\/v2\/posts"}],"about":[{"href":"https:\/\/linitiative.ca\/International\/wp-json\/wp\/v2\/types\/post"}],"author":[{"embeddable":true,"href":"https:\/\/linitiative.ca\/International\/wp-json\/wp\/v2\/users\/1743"}],"replies":[{"embeddable":true,"href":"https:\/\/linitiative.ca\/International\/wp-json\/wp\/v2\/comments?post=33030"}],"version-history":[{"count":0,"href":"https:\/\/linitiative.ca\/International\/wp-json\/wp\/v2\/posts\/33030\/revisions"}],"wp:attachment":[{"href":"https:\/\/linitiative.ca\/International\/wp-json\/wp\/v2\/media?parent=33030"}],"wp:term":[{"taxonomy":"category","embeddable":true,"href":"https:\/\/linitiative.ca\/International\/wp-json\/wp\/v2\/categories?post=33030"},{"taxonomy":"post_tag","embeddable":true,"href":"https:\/\/linitiative.ca\/International\/wp-json\/wp\/v2\/tags?post=33030"}],"curies":[{"name":"wp","href":"https:\/\/api.w.org\/{rel}","templated":true}]}}