{"id":33031,"date":"2019-05-08T05:05:04","date_gmt":"2019-05-08T09:05:04","guid":{"rendered":"https:\/\/linitiative.ca\/International\/boumerdes-mobilisation-jusqua-la-satisfaction-des-revendications\/"},"modified":"2019-05-08T05:05:04","modified_gmt":"2019-05-08T09:05:04","slug":"boumerdes-mobilisation-jusqua-la-satisfaction-des-revendications","status":"publish","type":"post","link":"https:\/\/linitiative.ca\/International\/boumerdes-mobilisation-jusqua-la-satisfaction-des-revendications\/","title":{"rendered":"Boumerd\u00e8s : \u00abMobilisation jusqu\u2019\u00e0 la satisfaction des revendications\u00bb"},"content":{"rendered":"<h4 class=\"title-14\"\/>\n<p>Les \u00e9tudiants de l\u2019universit\u00e9 de Boumerd\u00e8s ont prouv\u00e9, hier encore, leur d\u00e9termination \u00e0 poursuivre le combat pacifique pour le changement du syst\u00e8me en place et le d\u00e9part de tous ses symboles.<\/p>\n<p>Contrairement aux pr\u00e9visions du pouvoir qui misait sur l\u2019essoufflement du mouvement en ce mois de Ramadhan, ils \u00e9taient des dizaines, entre gar\u00e7ons et filles, \u00e0 avoir sillonn\u00e9 les ruelles de la ville en scandant des slogans rejetant \u00abla feuille de route de Bensalah et les d\u00e9clarations de Ga\u00efd Salah qui appelle \u00e0 une chose en soutenant son contraire\u00bb.<\/p>\n<p>De nombreux enseignants ont tenu aussi \u00e0 participer \u00e0 la marche pour, disent-ils, encourager les \u00e9tudiants \u00e0 maintenir la mobilisation.<\/p>\n<p>Malgr\u00e9 la chaleur et la fatigue dues aux effets du je\u00fbne, les manifestants affirment qu\u2019ils sont d\u00e9cid\u00e9s \u00e0 manifester tous les mardis jusqu\u2019\u00e0 satisfaction de leurs revendications. \u00abSanassir Sanassir, fi Ramdhan ou l\u2019Aid el seghir\u00bb, \u00abKoul smana khardjin, saymin oula fatrin heta yahdouth el ta3yir (Chaque semaine nous sortirons, peu importe si nous avons je\u00fbn\u00e9 ou mang\u00e9, et ce, jusqu\u2019au changement de syst\u00e8me\u00bb, ont-ils r\u00e9p\u00e9t\u00e9 tout le long de l\u2019itin\u00e9raire. Une pancarte fi\u00e8rement brandie par une \u00e9tudiante \u00abprie ceux qui pensent que c\u2019est impossible de ne pas d\u00e9ranger ceux qui essaient\u00bb.<\/p>\n<p>Et une autre affiche de rench\u00e9rir : \u00abIls veulent nous r\u00e9duire au silence, ils n\u2019auront que notre r\u00e9sistance.\u00bb Commentant l\u2019incerc\u00e9ration de Sa\u00efd Bouteflika, Tartag et Toufik, certains manifestants parlent de r\u00e8glements de comptes et d\u2019instrumentalisation de la justice.<\/p>\n<p>\u00abOn a arr\u00eat\u00e9 ceux qui ont complot\u00e9 contre Ga\u00efd Salah et laiss\u00e9 ceux qui complotent contre le peuple\u00bb, lit-on sur une pancarte brandie au d\u00e9but de la procession. Intervenant dans ce sens, un enseignant reproche au chef d\u2019\u00e9tat-major Ga\u00efd Salah de vouloir maintenir le statu quo.<\/p>\n<p>\u00abD\u2019une part, il dit que je suis avec le peuple, de l\u2019autre il tient aux \u00e9lections, alors que le peuple refuse que celles-ci soient organis\u00e9es par ceux qui ont excell\u00e9 dans le bourrage des urnes par le pass\u00e9\u00bb, a-t-il soulign\u00e9, reprochant \u00e0 Ga\u00efd Salah de faire fi de la volont\u00e9 populaire.<\/p>\n<p>Marchant \u00e0 pas press\u00e9s, un \u00e9tudiant portant un gilet orange se dit contre ceux qui appellent \u00e0 une gr\u00e8ve illimit\u00e9e au sein de l\u2019universit\u00e9. \u00abLa tutelle parle d\u2019une ann\u00e9e blanche et fait tout pour nous inciter \u00e0 quitter les campus afin d\u2019affaiblir le mouvement.<\/p>\n<p>La gr\u00e8ve doit \u00eatre observ\u00e9e uniquement les mardis. Et le reste de la semaine, on est cens\u00e9s suivre les cours le plus normalement du monde\u00bb, plaide-t-il. Arriv\u00e9s devant la cour de justice, les manifestants se sont assis \u00e0 terre avant de r\u00e9p\u00e9ter en ch\u0153ur les slogans entonn\u00e9s \u00e0 l\u2019aide de m\u00e9gaphone par un de leurs camarades. Des slogans qui r\u00e9clament le d\u00e9part de Bensalah et la d\u00e9mission de Bedoui, trait\u00e9s de tous les maux.<\/p>\n<p>\u00abIssaba dja wakt el mouhassaba, cellula chehal meliha ou soupa chehal benina (\u00f4 gang, le temps de rendre des comptes est venu, la cellule est bonne et la soupe est d\u00e9licieuse\u00bb, ont-ils cri\u00e9 \u00e0 l\u2019unisson. Les marcheurs ont aussi d\u00e9nonc\u00e9 les tentatives de division du mouvement, soulignant qu\u2019ils sont conscients et assez m\u00fbrs pour d\u00e9jouer les plans des thurif\u00e9raires du r\u00e9gime.<\/p>\n<div class=\"yuzo_related_post style-1\" data-version=\"5.12.88\">\n<p><h3>Related Post<\/h3>\n<\/p>\n<div class=\"yuzo_wraps\">\n<div class=\"relatedthumb relatedpost-570651 c11\"><a href=\"https:\/\/www.elwatan.com\/edition\/sports\/manchester-city-emporte-par-lavalanche-tottenham-19-04-2019\"\/><\/p>\n<p><span class=\"yuzo__text--title c10\">Manchester City emport\u00e9 par l\u2019avalanche Tottenham&#8230;<\/span><\/div>\n<div class=\"relatedthumb relatedpost-569630 c11\"><a href=\"https:\/\/www.elwatan.com\/edition\/actualite\/la-repression-condamnee-unanimement-14-04-2019\"\/><\/p>\n<p><span class=\"yuzo__text--title c10\">La r\u00e9pression condamn\u00e9e unanimement<\/span><\/div>\n<div class=\"relatedthumb relatedpost-307222 c11\"><a href=\"https:\/\/www.elwatan.com\/analyse-eco\/face-a-la-pression-fiscale-des-algeriens-portent-le-gilet-jaune-depuis-plusieurs-decennies-10-12-2018\"\/><\/p>\n<p><span class=\"yuzo__text--title c10\">Face \u00e0 la pression fiscale, des Alg\u00e9riens portent &#8230;<\/span><\/div>\n<div class=\"relatedthumb relatedpost-556880 c11\"><a href=\"https:\/\/www.elwatan.com\/edition\/actualite\/hamid-ferhi-coordinateur-du-mds-nest-plus-06-02-2019\"\/><\/p>\n<p><span class=\"yuzo__text--title c10\">Il \u00e9tait de tous les combats justes : Hamid Ferhi,&#8230;<\/span><\/div>\n<\/div>\n<\/div>\n<p><span class=\"post-views-label\">Post Views:<\/span> <span class=\"post-views-count\">112<\/span><\/p>\n<p>Auteur: Hicham Chouadria<br \/>\n<a href=\"https:\/\/www.elwatan.com\/edition\/actualite\/boumerdes-mobilisation-jusqua-la-satisfaction-des-revendications-08-05-2019\">Cliquez ici pour lire l&rsquo;article depuis sa source.<\/a><\/p>\n","protected":false},"excerpt":{"rendered":"<p>Les \u00e9tudiants de l\u2019universit\u00e9 de Boumerd\u00e8s ont prouv\u00e9, hier encore, leur d\u00e9termination \u00e0 poursuivre le combat pacifique pour le changement du syst\u00e8me en place et le d\u00e9part de tous ses symboles. Contrairement aux pr\u00e9visions du pouvoir qui misait sur l\u2019essoufflement du mouvement en ce mois de Ramadhan, ils \u00e9taient des dizaines, entre gar\u00e7ons et filles, [&hellip;]<\/p>\n","protected":false},"author":1743,"featured_media":0,"comment_status":"closed","ping_status":"closed","sticky":false,"template":"","format":"standard","meta":{"fifu_image_url":"","fifu_image_alt":"","footnotes":""},"categories":[73,53],"tags":[],"class_list":["post-33031","post","type-post","status-publish","format-standard","hentry","category-actualite","category-algerie"],"_links":{"self":[{"href":"https:\/\/linitiative.ca\/International\/wp-json\/wp\/v2\/posts\/33031","targetHints":{"allow":["GET"]}}],"collection":[{"href":"https:\/\/linitiative.ca\/International\/wp-json\/wp\/v2\/posts"}],"about":[{"href":"https:\/\/linitiative.ca\/International\/wp-json\/wp\/v2\/types\/post"}],"author":[{"embeddable":true,"href":"https:\/\/linitiative.ca\/International\/wp-json\/wp\/v2\/users\/1743"}],"replies":[{"embeddable":true,"href":"https:\/\/linitiative.ca\/International\/wp-json\/wp\/v2\/comments?post=33031"}],"version-history":[{"count":0,"href":"https:\/\/linitiative.ca\/International\/wp-json\/wp\/v2\/posts\/33031\/revisions"}],"wp:attachment":[{"href":"https:\/\/linitiative.ca\/International\/wp-json\/wp\/v2\/media?parent=33031"}],"wp:term":[{"taxonomy":"category","embeddable":true,"href":"https:\/\/linitiative.ca\/International\/wp-json\/wp\/v2\/categories?post=33031"},{"taxonomy":"post_tag","embeddable":true,"href":"https:\/\/linitiative.ca\/International\/wp-json\/wp\/v2\/tags?post=33031"}],"curies":[{"name":"wp","href":"https:\/\/api.w.org\/{rel}","templated":true}]}}